{"id":53594,"date":"2023-07-06T07:04:14","date_gmt":"2023-07-06T11:04:14","guid":{"rendered":"https:\/\/jms.com.bo\/mediamonitor\/2023\/07\/06\/disminuyen-los-casos-de-covid-19-e-influenza-y-aumenta-levemente-las-iras-y-neumonias-en-tarija\/"},"modified":"2023-07-06T07:04:14","modified_gmt":"2023-07-06T11:04:14","slug":"disminuyen-los-casos-de-covid-19-e-influenza-y-aumenta-levemente-las-iras-y-neumonias-en-tarija","status":"publish","type":"post","link":"https:\/\/jms.com.bo\/mediamonitor\/2023\/07\/06\/disminuyen-los-casos-de-covid-19-e-influenza-y-aumenta-levemente-las-iras-y-neumonias-en-tarija\/","title":{"rendered":"Disminuyen los casos de Covid-19 e influenza y aumenta levemente las IRAs y neumon\u00edas en Tarija"},"content":{"rendered":"<p style=\"text-align: justify;\">El responsable de epidemiolog\u00eda del Servicio Departamental de Salud (Sedes), Marcelo Magne, ha presentado un informe sobre la situaci\u00f3n epidemiol\u00f3gica en el departamento, destacando una disminuci\u00f3n en los casos de Covid-19 e influenza, pero preocup\u00e1ndose por el incremento de las Infecciones Respiratorias Agudas (IRAs) y las neumon\u00edas.<\/p>\n<p style=\"text-align: justify;\">Durante el per\u00edodo del 25 de junio al 1 de julio, se han registrado 6 casos de Covid-19, 1 caso de influenza, 1 caso de dengue y 3 casos de parotiditis. Adem\u00e1s, se ha notificado un total de 6,781 casos de IRAs y 213 casos de neumon\u00edas, con un ligero incremento del 2% en este \u00faltimo, dijo a Hola Bolivia.<\/p>\n<p style=\"text-align: justify;\">Si bien se observa una disminuci\u00f3n en los casos de Covid-19 e influenza, Magne expres\u00f3 su preocupaci\u00f3n debido a la baja asistencia de la poblaci\u00f3n a recibir la vacuna correspondiente. Es importante destacar que el Ministerio de Salud ha ampliado la vacunaci\u00f3n para todas las personas, y se recomienda encarecidamente que la poblaci\u00f3n acuda a recibir la vacuna para protegerse y prevenir la propagaci\u00f3n de enfermedades respiratorias.<\/p>\n<p style=\"text-align: justify;\">El especialista tambi\u00e9n hizo hincapi\u00e9 en la importancia del uso de barbijos y la higiene adecuada, como el uso de alcohol en gel, especialmente para aquellas personas que presenten s\u00edntomas de resfriado o enfermedades respiratorias. Estas medidas b\u00e1sicas de prevenci\u00f3n pueden ayudar a reducir la propagaci\u00f3n de virus y proteger la salud de la comunidad en general.<\/p>\n","protected":false},"excerpt":{"rendered":"<p>El responsable de epidemiolog\u00eda del Servicio Departamental de Salud (Sedes), Marcelo Magne, ha presentado un informe sobre la situaci\u00f3n epidemiol\u00f3gica en el departamento, destacando una disminuci\u00f3n en los casos de Covid-19 e influenza, pero preocup\u00e1ndose por el incremento de las Infecciones Respiratorias Agudas (IRAs) y las neumon\u00edas. Durante el per\u00edodo del 25 de junio al [&hellip;]<\/p>\n","protected":false},"author":4,"featured_media":53595,"comment_status":"open","ping_status":"closed","sticky":false,"template":"","format":"standard","meta":{"footnotes":""},"categories":[53],"tags":[],"class_list":{"0":"post-53594","1":"post","2":"type-post","3":"status-publish","4":"format-standard","5":"has-post-thumbnail","7":"category-salud"},"_links":{"self":[{"href":"https:\/\/jms.com.bo\/mediamonitor\/wp-json\/wp\/v2\/posts\/53594","targetHints":{"allow":["GET"]}}],"collection":[{"href":"https:\/\/jms.com.bo\/mediamonitor\/wp-json\/wp\/v2\/posts"}],"about":[{"href":"https:\/\/jms.com.bo\/mediamonitor\/wp-json\/wp\/v2\/types\/post"}],"author":[{"embeddable":true,"href":"https:\/\/jms.com.bo\/mediamonitor\/wp-json\/wp\/v2\/users\/4"}],"replies":[{"embeddable":true,"href":"https:\/\/jms.com.bo\/mediamonitor\/wp-json\/wp\/v2\/comments?post=53594"}],"version-history":[{"count":0,"href":"https:\/\/jms.com.bo\/mediamonitor\/wp-json\/wp\/v2\/posts\/53594\/revisions"}],"wp:featuredmedia":[{"embeddable":true,"href":"https:\/\/jms.com.bo\/mediamonitor\/wp-json\/wp\/v2\/media\/53595"}],"wp:attachment":[{"href":"https:\/\/jms.com.bo\/mediamonitor\/wp-json\/wp\/v2\/media?parent=53594"}],"wp:term":[{"taxonomy":"category","embeddable":true,"href":"https:\/\/jms.com.bo\/mediamonitor\/wp-json\/wp\/v2\/categories?post=53594"},{"taxonomy":"post_tag","embeddable":true,"href":"https:\/\/jms.com.bo\/mediamonitor\/wp-json\/wp\/v2\/tags?post=53594"}],"curies":[{"name":"wp","href":"https:\/\/api.w.org\/{rel}","templated":true}]}}