{"id":53605,"date":"2023-07-06T07:07:12","date_gmt":"2023-07-06T11:07:12","guid":{"rendered":"https:\/\/jms.com.bo\/mediamonitor\/2023\/07\/06\/comerciantes-de-el-alto-reportan-baja-en-el-precio-del-huevo\/"},"modified":"2023-07-06T07:07:12","modified_gmt":"2023-07-06T11:07:12","slug":"comerciantes-de-el-alto-reportan-baja-en-el-precio-del-huevo","status":"publish","type":"post","link":"https:\/\/jms.com.bo\/mediamonitor\/2023\/07\/06\/comerciantes-de-el-alto-reportan-baja-en-el-precio-del-huevo\/","title":{"rendered":"Comerciantes de El Alto reportan baja en el precio del huevo"},"content":{"rendered":"<p style=\"text-align: justify;\">Comerciantes de la zona Villa Adela, de la ciudad de El Alto, reportaron este mi\u00e9rcoles una baja en el precio del maple de huevo, que disminuy\u00f3 a Bs 28 y Bs 27, tras haber registrado precios elevados en pasadas semanas.<\/p>\n<p style=\"text-align: justify;\">Seg\u00fan un reporte de Red Uno, las comerciantes de esa zona explicaron que el maple de uno de los principales alimentos de la canasta familiar lleg\u00f3 a costar hasta m\u00e1s de Bs 35 meses atr\u00e1s.<\/p>\n<p style=\"text-align: justify;\">Las vendedoras estiman que despu\u00e9s de la \u00e9poca de invierno el costo del producto se regularice.<\/p>\n<p style=\"text-align: justify;\">Sin embargo, en mayo, el viceministro de Comercio y Log\u00edstica Interna, Grover Lacoa, inform\u00f3 que los precios de la carne de pollo y del huevo empezaron a bajar en los mercados de Bolivia, como resultado de los operativos de control y de lucha contra el contrabando de alimentos en frontera.<\/p>\n<p style=\"text-align: justify;\">La gripe aviar en Cochabamba ocasion\u00f3 la p\u00e9rdida de unas 590.000 aves, entre muertas y sacrificadas, cifra menor respecto a otros pa\u00edses de la regi\u00f3n que tambi\u00e9n luchan contra esta enfermedad, como Ecuador, que registr\u00f3 el deceso de 1,3 millones de aves.<\/p>\n<p style=\"text-align: justify;\">En el caso de Bolivia, esa situaci\u00f3n fue aprovechada por intermediarios que especularon, principalmente, con los precios del huevo en los mercados e inclusive llevaron el producto de contrabando a la frontera con Per\u00fa, de acuerdo con reportes oficiales.<\/p>\n","protected":false},"excerpt":{"rendered":"<p>Comerciantes de la zona Villa Adela, de la ciudad de El Alto, reportaron este mi\u00e9rcoles una baja en el precio del maple de huevo, que disminuy\u00f3 a Bs 28 y Bs 27, tras haber registrado precios elevados en pasadas semanas. Seg\u00fan un reporte de Red Uno, las comerciantes de esa zona explicaron que el maple [&hellip;]<\/p>\n","protected":false},"author":4,"featured_media":53606,"comment_status":"open","ping_status":"closed","sticky":false,"template":"","format":"standard","meta":{"footnotes":""},"categories":[52],"tags":[],"class_list":{"0":"post-53605","1":"post","2":"type-post","3":"status-publish","4":"format-standard","5":"has-post-thumbnail","7":"category-alimentos-agroindustria"},"_links":{"self":[{"href":"https:\/\/jms.com.bo\/mediamonitor\/wp-json\/wp\/v2\/posts\/53605","targetHints":{"allow":["GET"]}}],"collection":[{"href":"https:\/\/jms.com.bo\/mediamonitor\/wp-json\/wp\/v2\/posts"}],"about":[{"href":"https:\/\/jms.com.bo\/mediamonitor\/wp-json\/wp\/v2\/types\/post"}],"author":[{"embeddable":true,"href":"https:\/\/jms.com.bo\/mediamonitor\/wp-json\/wp\/v2\/users\/4"}],"replies":[{"embeddable":true,"href":"https:\/\/jms.com.bo\/mediamonitor\/wp-json\/wp\/v2\/comments?post=53605"}],"version-history":[{"count":0,"href":"https:\/\/jms.com.bo\/mediamonitor\/wp-json\/wp\/v2\/posts\/53605\/revisions"}],"wp:featuredmedia":[{"embeddable":true,"href":"https:\/\/jms.com.bo\/mediamonitor\/wp-json\/wp\/v2\/media\/53606"}],"wp:attachment":[{"href":"https:\/\/jms.com.bo\/mediamonitor\/wp-json\/wp\/v2\/media?parent=53605"}],"wp:term":[{"taxonomy":"category","embeddable":true,"href":"https:\/\/jms.com.bo\/mediamonitor\/wp-json\/wp\/v2\/categories?post=53605"},{"taxonomy":"post_tag","embeddable":true,"href":"https:\/\/jms.com.bo\/mediamonitor\/wp-json\/wp\/v2\/tags?post=53605"}],"curies":[{"name":"wp","href":"https:\/\/api.w.org\/{rel}","templated":true}]}}