{"id":53607,"date":"2023-07-06T07:08:59","date_gmt":"2023-07-06T11:08:59","guid":{"rendered":"https:\/\/jms.com.bo\/mediamonitor\/2023\/07\/06\/plantean-declarar-estado-de-emergencia-por-cifras-alarmantes-de-feminicidios\/"},"modified":"2023-07-06T07:08:59","modified_gmt":"2023-07-06T11:08:59","slug":"plantean-declarar-estado-de-emergencia-por-cifras-alarmantes-de-feminicidios","status":"publish","type":"post","link":"https:\/\/jms.com.bo\/mediamonitor\/2023\/07\/06\/plantean-declarar-estado-de-emergencia-por-cifras-alarmantes-de-feminicidios\/","title":{"rendered":"Plantean declarar Estado de emergencia por cifras alarmantes de feminicidios"},"content":{"rendered":"<p style=\"text-align: justify;\">Ante la alarmante recurrencia de hechos de feminicidios, infanticidios y violencia, la diputada Khaline Moreno solicit\u00f3 al presidente Luis Arce declarar Estado de emergencia a objeto de frenar este flagelo social con acciones efectivas, con el concurso de todas las instituciones pertinentes y la sociedad en su conjunto.<\/p>\n<p style=\"text-align: justify;\">La legisladora, mediante una nota remitida al Primer Mandatario manifest\u00f3 su preocupaci\u00f3n por los \u00edndices que registra Bolivia acerca de hechos de violencia, calificada como uno de los pa\u00edses con mayor n\u00famero de casos seg\u00fan un estudio realizado por la Comisi\u00f3n Econ\u00f3mica para Am\u00e9rica Latina (Cepal).<\/p>\n<p style=\"text-align: justify;\">Moreno lament\u00f3 que Bolivia, como sociedad, est\u00e9 perdiendo su norte sobre el respeto a los derechos, la p\u00e9rdida de los valores y a la vida, por lo que exhorta a la primera autoridad del Estado escuchar el pedido de las mujeres, madres, hijas y familiares de las v\u00edctimas.<\/p>\n<p style=\"text-align: justify;\">\u201cAnte este crecimiento desmedido y alarmante de los casos de feminicidios solicito a su autoridad pueda gestionar ante las instancias pertinentes, en cumplimiento de la normativa prevista, la \u00b4Declaratoria de Alerta Nacional Contra la Violencia Contra las Mujeres` debiendo al efecto activarse medidas, acciones y recursos de emergencia para afrontar esta problem\u00e1tica de manera eficiente y adecuada. Para fortalecer los procesos educativos, judiciales y de pol\u00edticas p\u00fablicas destinadas a luchar contra del feminicidio desde una perspectiva preventiva integral, social y educativa\u201d, se\u00f1ala parte de la nota enviada por Moreno a Arce.<\/p>\n<p style=\"text-align: justify;\">Asimismo, Moreno demand\u00f3 al sistema de administraci\u00f3n de justicia, racionalidad jur\u00eddica y social al momento de emitir sentencias, especialmente en los casos que determinan detenci\u00f3n domiciliaria.<\/p>\n<p style=\"text-align: justify;\">FEMINICIDIOS<br \/>\nEl Ministerio P\u00fablico report\u00f3 que del 1 de enero al 27 de junio de 2023, se registraron 45 feminicidios a nivel nacional. En cuanto a infanticidios, se tienen 10 v\u00edctimas.<br \/>\nDe acuerdo al reporte de casos, la mayor incidencia de hechos de feminicidio est\u00e1 en el departamento de Santa Cruz con 14 casos, seguido de La Paz con 10, Cochabamba siete, Potos\u00ed seis, Tarija tres, Beni dos, Oruro uno, Pando uno y Chuquisaca uno.<br \/>\nSeg\u00fan el comparativo de hechos de feminicidio registrados en el mismo per\u00edodo, del 1 de enero al 27 de junio, da cuenta que en 2020 se tuvo 59 casos, el 2021 60, en 2022 se reportaron 47 y en este 2023 se tiene 45 v\u00edctimas.<\/p>\n<p style=\"text-align: justify;\">INFANTICIDIOS<br \/>\nA nivel nacional se registran 10 infanticidios, en el departamento de Santa Cruz tres, La Paz tres, Cochabamba dos, Oruro uno y Potos\u00ed uno, mientras que el resto de los departamentos no se tienen hechos.<br \/>\nSeg\u00fan un cuadro comparativo de casos registrados de pasadas gestiones, del 1 de enero al 27 de junio, en 2020 se report\u00f3 32 casos, en 2021 se alcanz\u00f3 16, en 2022 se anotaron 20 y en este 2023 se tiene 10 v\u00edctimas, con lo que se corrobora que existe una reducci\u00f3n.<br \/>\nRespecto a la causa de muerte de las v\u00edctimas se establecido que cuatro fueron por golpe o trauma, cuatro por asfixia y dos por arma blanca, lo que demuestra el uso de violencia extrema por parte de los agresores.<\/p>\n<p style=\"text-align: justify;\">VIOLENCIA<br \/>\nAsimismo, el Ministerio P\u00fablico report\u00f3 que del 1 de enero al 26 de junio de 2023, en el pa\u00eds se registraron 23.686 casos de relacionados con delitos de violencia de la Ley N\u00ba 348, Ley Integral para Garantizar a las Mujeres una Vida Libre de Violencia, el delito de mayor incidencia es violencia familiar o dom\u00e9stica con 18.030.<\/p>\n<p style=\"text-align: justify;\">Seg\u00fan el registro de casos que reporta el sistema inform\u00e1tico Justicia Libre, Santa Cruz tiene 8.222, La Paz 5.712, Cochabamba 3.706, Tarija 1.815, Potos\u00ed 1.413, Chuquisaca 1.113, Beni 818, Oruro 652, Pando 235.<\/p>\n<p style=\"text-align: justify;\">Los casos ingresados por delitos sexuales son 5.080, de los cu\u00e1les se tiene por abuso sexual 1.701, estupro 836; violaci\u00f3n de infante, ni\u00f1a, ni\u00f1o o adolescente 1.201; violaci\u00f3n 1.342; entre otros.<\/p>\n","protected":false},"excerpt":{"rendered":"<p>Ante la alarmante recurrencia de hechos de feminicidios, infanticidios y violencia, la diputada Khaline Moreno solicit\u00f3 al presidente Luis Arce declarar Estado de emergencia a objeto de frenar este flagelo social con acciones efectivas, con el concurso de todas las instituciones pertinentes y la sociedad en su conjunto. La legisladora, mediante una nota remitida al [&hellip;]<\/p>\n","protected":false},"author":4,"featured_media":53608,"comment_status":"open","ping_status":"closed","sticky":false,"template":"","format":"standard","meta":{"footnotes":""},"categories":[49],"tags":[],"class_list":{"0":"post-53607","1":"post","2":"type-post","3":"status-publish","4":"format-standard","5":"has-post-thumbnail","7":"category-social"},"_links":{"self":[{"href":"https:\/\/jms.com.bo\/mediamonitor\/wp-json\/wp\/v2\/posts\/53607","targetHints":{"allow":["GET"]}}],"collection":[{"href":"https:\/\/jms.com.bo\/mediamonitor\/wp-json\/wp\/v2\/posts"}],"about":[{"href":"https:\/\/jms.com.bo\/mediamonitor\/wp-json\/wp\/v2\/types\/post"}],"author":[{"embeddable":true,"href":"https:\/\/jms.com.bo\/mediamonitor\/wp-json\/wp\/v2\/users\/4"}],"replies":[{"embeddable":true,"href":"https:\/\/jms.com.bo\/mediamonitor\/wp-json\/wp\/v2\/comments?post=53607"}],"version-history":[{"count":0,"href":"https:\/\/jms.com.bo\/mediamonitor\/wp-json\/wp\/v2\/posts\/53607\/revisions"}],"wp:featuredmedia":[{"embeddable":true,"href":"https:\/\/jms.com.bo\/mediamonitor\/wp-json\/wp\/v2\/media\/53608"}],"wp:attachment":[{"href":"https:\/\/jms.com.bo\/mediamonitor\/wp-json\/wp\/v2\/media?parent=53607"}],"wp:term":[{"taxonomy":"category","embeddable":true,"href":"https:\/\/jms.com.bo\/mediamonitor\/wp-json\/wp\/v2\/categories?post=53607"},{"taxonomy":"post_tag","embeddable":true,"href":"https:\/\/jms.com.bo\/mediamonitor\/wp-json\/wp\/v2\/tags?post=53607"}],"curies":[{"name":"wp","href":"https:\/\/api.w.org\/{rel}","templated":true}]}}