{"id":53609,"date":"2023-07-06T07:11:27","date_gmt":"2023-07-06T11:11:27","guid":{"rendered":"https:\/\/jms.com.bo\/mediamonitor\/2023\/07\/06\/trabajadores-del-hospital-san-juan-de-dios-cumplen-segundo-dia-de-paro-exigen-a-la-gobernacion-de-santa-cruz-atencion-a-sus-demandas\/"},"modified":"2023-07-06T07:11:27","modified_gmt":"2023-07-06T11:11:27","slug":"trabajadores-del-hospital-san-juan-de-dios-cumplen-segundo-dia-de-paro-exigen-a-la-gobernacion-de-santa-cruz-atencion-a-sus-demandas","status":"publish","type":"post","link":"https:\/\/jms.com.bo\/mediamonitor\/2023\/07\/06\/trabajadores-del-hospital-san-juan-de-dios-cumplen-segundo-dia-de-paro-exigen-a-la-gobernacion-de-santa-cruz-atencion-a-sus-demandas\/","title":{"rendered":"Trabajadores del hospital San Juan de Dios cumplen segundo d\u00eda de paro, exigen a la Gobernaci\u00f3n de Santa Cruz atenci\u00f3n a sus demandas"},"content":{"rendered":"<p style=\"text-align: justify;\">Los trabajadores del hospital de tercer nivel San Juan de Dios cumplen el segundo d\u00eda del paro de 72 horas demandando a la Gobernaci\u00f3n de Santa Cruz la asignaci\u00f3n de recursos humanos, dotaci\u00f3n de insumos, medicamentos y equipos m\u00e9dicos, adem\u00e1s de la refacci\u00f3n de la infraestructura, inform\u00f3 la dirigente del sector, Selvi Valdez.<\/p>\n<p style=\"text-align: justify;\">\u201cTenemos m\u00faltiples necesidades en infraestructura, recursos humanos, en insumos y medicamentos, faltan gasas, faltan ap\u00f3sitos. Dicen que compran, pero est\u00e1n disminuyendo la cantidad\u201d, dijo.<\/p>\n<p style=\"text-align: justify;\">El dirigente se\u00f1al\u00f3 que los m\u00e9dicos y las enfermeras de este nosocomio deben buscar la forma de cubrir los requerimientos de insumos y medicamentos para cumplir con los pacientes. Asimismo, lament\u00f3 que la infraestructura hospitalaria requiere de refacciones estructurales.<\/p>\n<p style=\"text-align: justify;\">\u201cEn la \u00e9poca de lluvias, en el servicio de Terapia Intensiva, donde se encuentran pacientes entubados o conectados a maquinas, llov\u00eda m\u00e1s que afuera. Lo que hicieron los responsables del nosocomio en vez de cambiar las tejas rotas, fue poner un parche al hueco y pintarlo. Eso no puede ser\u201d, protest\u00f3.<\/p>\n<p style=\"text-align: justify;\">A esta situaci\u00f3n, se sum\u00f3 que la Gobernaci\u00f3n cruce\u00f1a despidi\u00f3 a las trabajadoras de la guarder\u00eda, en la que se quedan los hijos del personal del hospital San Juan de Dios<\/p>\n<p style=\"text-align: justify;\">Denunci\u00f3 tambi\u00e9n que los trabajadores del nosocomio sufren una sobrecarga laboral.<\/p>\n<p style=\"text-align: justify;\">\u201cSeguimos pidiendo recursos humanos, no puede ser que, en una sala de cirug\u00edas, entre tres y cuatro enfermeras tengan que atender a 75 pacientes internados\u201d, lament\u00f3.<\/p>\n<p style=\"text-align: justify;\">Esta jornada se llevar\u00e1 a cabo una asamblea de los trabajadores que determinar\u00e1 las pr\u00f3ximas acciones en defensa de sus derechos laborales, entre ellas una marcha hacia instalaciones de la gobernaci\u00f3n cruce\u00f1a.<\/p>\n","protected":false},"excerpt":{"rendered":"<p>Los trabajadores del hospital de tercer nivel San Juan de Dios cumplen el segundo d\u00eda del paro de 72 horas demandando a la Gobernaci\u00f3n de Santa Cruz la asignaci\u00f3n de recursos humanos, dotaci\u00f3n de insumos, medicamentos y equipos m\u00e9dicos, adem\u00e1s de la refacci\u00f3n de la infraestructura, inform\u00f3 la dirigente del sector, Selvi Valdez. \u201cTenemos m\u00faltiples [&hellip;]<\/p>\n","protected":false},"author":4,"featured_media":53610,"comment_status":"open","ping_status":"closed","sticky":false,"template":"","format":"standard","meta":{"footnotes":""},"categories":[49],"tags":[],"class_list":{"0":"post-53609","1":"post","2":"type-post","3":"status-publish","4":"format-standard","5":"has-post-thumbnail","7":"category-social"},"_links":{"self":[{"href":"https:\/\/jms.com.bo\/mediamonitor\/wp-json\/wp\/v2\/posts\/53609","targetHints":{"allow":["GET"]}}],"collection":[{"href":"https:\/\/jms.com.bo\/mediamonitor\/wp-json\/wp\/v2\/posts"}],"about":[{"href":"https:\/\/jms.com.bo\/mediamonitor\/wp-json\/wp\/v2\/types\/post"}],"author":[{"embeddable":true,"href":"https:\/\/jms.com.bo\/mediamonitor\/wp-json\/wp\/v2\/users\/4"}],"replies":[{"embeddable":true,"href":"https:\/\/jms.com.bo\/mediamonitor\/wp-json\/wp\/v2\/comments?post=53609"}],"version-history":[{"count":0,"href":"https:\/\/jms.com.bo\/mediamonitor\/wp-json\/wp\/v2\/posts\/53609\/revisions"}],"wp:featuredmedia":[{"embeddable":true,"href":"https:\/\/jms.com.bo\/mediamonitor\/wp-json\/wp\/v2\/media\/53610"}],"wp:attachment":[{"href":"https:\/\/jms.com.bo\/mediamonitor\/wp-json\/wp\/v2\/media?parent=53609"}],"wp:term":[{"taxonomy":"category","embeddable":true,"href":"https:\/\/jms.com.bo\/mediamonitor\/wp-json\/wp\/v2\/categories?post=53609"},{"taxonomy":"post_tag","embeddable":true,"href":"https:\/\/jms.com.bo\/mediamonitor\/wp-json\/wp\/v2\/tags?post=53609"}],"curies":[{"name":"wp","href":"https:\/\/api.w.org\/{rel}","templated":true}]}}