{"id":53611,"date":"2023-07-06T07:12:50","date_gmt":"2023-07-06T11:12:50","guid":{"rendered":"https:\/\/jms.com.bo\/mediamonitor\/2023\/07\/06\/jubilados-denuncian-reduccion-de-rentas-y-protestan-contra-manejo-de-la-gestora\/"},"modified":"2023-07-06T07:12:50","modified_gmt":"2023-07-06T11:12:50","slug":"jubilados-denuncian-reduccion-de-rentas-y-protestan-contra-manejo-de-la-gestora","status":"publish","type":"post","link":"https:\/\/jms.com.bo\/mediamonitor\/2023\/07\/06\/jubilados-denuncian-reduccion-de-rentas-y-protestan-contra-manejo-de-la-gestora\/","title":{"rendered":"Jubilados denuncian reducci\u00f3n de rentas y protestan contra manejo de la Gestora"},"content":{"rendered":"<p style=\"text-align: justify;\">Las protestas contra la Gestora P\u00fablica son cada vez m\u00e1s frecuentes. Ayer, en Cochabamba y La Paz, decenas de personas denunciaron la reducci\u00f3n en sus rentas. \u201cYo recib\u00eda 1.500 bolivianos, pero ahora me abonaron s\u00f3lo 900 bolivianos\u201d, reclamaba una beneficiaria de La Paz.<\/p>\n<p style=\"text-align: justify;\">\u201c\u00bfDicen que la Gestora est\u00e1 funcionando a la perfecci\u00f3n? Es una barbaridad. Es nuestra plata, no nos est\u00e1n regalando. Quiero una pronta soluci\u00f3n\u201d, cuestionaba un ciudadano a quien no se le hab\u00eda abonado el pago de su renta hasta ayer.<\/p>\n<p style=\"text-align: justify;\">\u201cComo propaganda parece que todo estuviera bien; la realidad es otra. Prueba clara son todas las personas que a diario pierden su tiempo en las filas\u201d, reclam\u00f3 otro.<\/p>\n<p style=\"text-align: justify;\">Respecto a las denuncias mencionadas, el gerente de la Gestora, Jaime Dur\u00e1n, asegur\u00f3 que no existe una reducci\u00f3n de las jubilaciones y explic\u00f3 que en algunos casos identificaron personas que, adem\u00e1s de recibir la renta dignidad, tambi\u00e9n recib\u00edan otros pagos del TGN.<\/p>\n<p style=\"text-align: justify;\">\u201cAlgunos dejaron de recibir la renta dignidad porque ellos tienen un salario del magisterio o la universidad, pero no se reduce la pensi\u00f3n, se respeta\u201d, explic\u00f3 el funcionario.<\/p>\n<p style=\"text-align: justify;\">En este contexto, el gerente de la Gestora inform\u00f3 que la migraci\u00f3n de datos de las Administradoras de Fondos de Pensiones (AFP) lleg\u00f3 a un 98 por ciento, por lo que la empresa estatal prev\u00e9 concluir el proceso hasta agosto.<\/p>\n<p style=\"text-align: justify;\">Dur\u00e1n indic\u00f3 ayer que la migraci\u00f3n se avanz\u00f3 \u201cun 98 por ciento y esperamos que hasta principios de agosto podamos contar ya con los estados de ahorro previsionales en l\u00ednea\u201d.<\/p>\n<p style=\"text-align: justify;\">Al ser consultado sobre si el hecho de que la migraci\u00f3n no haya concluido en 100 por ciento afecta en algo, dijo que algunos tr\u00e1mites, como la calificaci\u00f3n de pensiones de riesgo, no se pueden atender de forma directa, pero que se coordina con la APS y las AFP para solucionar el problema r\u00e1pidamente.<\/p>\n<p style=\"text-align: justify;\">Seg\u00fan datos de la Gestora, hasta ayer se hab\u00eda pagado la jubilaci\u00f3n por vejez y riesgo a 156.516 asegurados, desembolsando un total de 466 millones de bolivianos. Con esta cifra se cumpli\u00f3 con aproximadamente el 62 por ciento los beneficiarios en cuanto al mes de junio.<\/p>\n<p style=\"text-align: justify;\">El 61 por ciento de los pagos fue realizado mediante abono en cuenta, el 39 por ciento fueron pagos en ventanilla.<\/p>\n<p style=\"text-align: justify;\">Modificaci\u00f3n s\u00f3lo para allegados<\/p>\n<p style=\"text-align: justify;\">El analista econ\u00f3mico Gonzalo Ch\u00e1vez manifest\u00f3 que la modificaci\u00f3n de la Ley 065 es un ejemplo del uso pol\u00edtico de la Gestora P\u00fablica en favor de sus allegados: la COB. S\u00f3lo ciertos grupos se beneficiar\u00edan con un aumento de la pensi\u00f3n solidaria, principalmente los mineros.<\/p>\n","protected":false},"excerpt":{"rendered":"<p>Las protestas contra la Gestora P\u00fablica son cada vez m\u00e1s frecuentes. Ayer, en Cochabamba y La Paz, decenas de personas denunciaron la reducci\u00f3n en sus rentas. \u201cYo recib\u00eda 1.500 bolivianos, pero ahora me abonaron s\u00f3lo 900 bolivianos\u201d, reclamaba una beneficiaria de La Paz. \u201c\u00bfDicen que la Gestora est\u00e1 funcionando a la perfecci\u00f3n? Es una barbaridad. [&hellip;]<\/p>\n","protected":false},"author":4,"featured_media":53612,"comment_status":"open","ping_status":"closed","sticky":false,"template":"","format":"standard","meta":{"footnotes":""},"categories":[49],"tags":[],"class_list":{"0":"post-53611","1":"post","2":"type-post","3":"status-publish","4":"format-standard","5":"has-post-thumbnail","7":"category-social"},"_links":{"self":[{"href":"https:\/\/jms.com.bo\/mediamonitor\/wp-json\/wp\/v2\/posts\/53611","targetHints":{"allow":["GET"]}}],"collection":[{"href":"https:\/\/jms.com.bo\/mediamonitor\/wp-json\/wp\/v2\/posts"}],"about":[{"href":"https:\/\/jms.com.bo\/mediamonitor\/wp-json\/wp\/v2\/types\/post"}],"author":[{"embeddable":true,"href":"https:\/\/jms.com.bo\/mediamonitor\/wp-json\/wp\/v2\/users\/4"}],"replies":[{"embeddable":true,"href":"https:\/\/jms.com.bo\/mediamonitor\/wp-json\/wp\/v2\/comments?post=53611"}],"version-history":[{"count":0,"href":"https:\/\/jms.com.bo\/mediamonitor\/wp-json\/wp\/v2\/posts\/53611\/revisions"}],"wp:featuredmedia":[{"embeddable":true,"href":"https:\/\/jms.com.bo\/mediamonitor\/wp-json\/wp\/v2\/media\/53612"}],"wp:attachment":[{"href":"https:\/\/jms.com.bo\/mediamonitor\/wp-json\/wp\/v2\/media?parent=53611"}],"wp:term":[{"taxonomy":"category","embeddable":true,"href":"https:\/\/jms.com.bo\/mediamonitor\/wp-json\/wp\/v2\/categories?post=53611"},{"taxonomy":"post_tag","embeddable":true,"href":"https:\/\/jms.com.bo\/mediamonitor\/wp-json\/wp\/v2\/tags?post=53611"}],"curies":[{"name":"wp","href":"https:\/\/api.w.org\/{rel}","templated":true}]}}