{"id":53615,"date":"2023-07-06T07:15:29","date_gmt":"2023-07-06T11:15:29","guid":{"rendered":"https:\/\/jms.com.bo\/mediamonitor\/2023\/07\/06\/califican-de-atentado-al-medioambiente-y-a-comunidades-indigenas-dotacion-de-tierras-en-san-miguel\/"},"modified":"2023-07-06T07:15:29","modified_gmt":"2023-07-06T11:15:29","slug":"califican-de-atentado-al-medioambiente-y-a-comunidades-indigenas-dotacion-de-tierras-en-san-miguel","status":"publish","type":"post","link":"https:\/\/jms.com.bo\/mediamonitor\/2023\/07\/06\/califican-de-atentado-al-medioambiente-y-a-comunidades-indigenas-dotacion-de-tierras-en-san-miguel\/","title":{"rendered":"Califican de atentado al medioambiente y a comunidades ind\u00edgenas dotaci\u00f3n de tierras en San Miguel"},"content":{"rendered":"<p style=\"text-align: justify;\">Para la legisladora chiquitana de Creemos, Mar\u00eda Ren\u00e9 \u00c1lvarez, la dotaci\u00f3n de 15.000 hect\u00e1reas de tierras fiscales en San Miguel de Velasco a cinco comunidades afines al Movimiento al Socialismo, que no son originarias de ese municipio cruce\u00f1o, no solo es una amenaza al sector productivo, sino y m\u00e1s importante, \u201cun atentado al medioambiente, a las \u00e1reas protegidas y a las comunidades ind\u00edgenas que se ven avasalladas en su tierra, territorio, cultura y modo de vida\u201d.<\/p>\n<p style=\"text-align: justify;\">En su opini\u00f3n, las tierras fiscales deber\u00edan ser entregadas a los pobladores de la Chiquitania; sin embargo, son regaladas a grupos de avasalladores. \u201cDurante estos dos a\u00f1os y medio de gesti\u00f3n hemos venido denunciado el imparable ingreso de los avasallamientos y la toma de tierras por parte de los mal llamados interculturales, que incluso apelan al uso de armas para asentarse en las zonas, muchas de ellas \u00e1reas protegidas, como el Bajo Paragu\u00e1\u201d, anot\u00f3.<\/p>\n<p style=\"text-align: justify;\">Lamentablemente -dijo- estos hechos vienen con el aval del nivel central y tambi\u00e9n con la complicidad de una Alcald\u00eda que obedece al partido en funci\u00f3n de Gobierno y a los intereses de estos grupos irregulares.<\/p>\n<p style=\"text-align: justify;\">El martes, Jos\u00e9 Ernesto Serrate, presidente del Comit\u00e9 C\u00edvico Provincial, y Jos\u00e9 Luis Dorado, presidente de los c\u00edvicos miguele\u00f1os, alertaron que el Instituto Nacional de Reforma Agraria (INRA) entreg\u00f3 en San Miguel de Velasco unas 15.000 hect\u00e1reas de tierras fiscales a cinco comunidades afines al MAS que no son originarias de ese municipio cruce\u00f1o.<\/p>\n<p style=\"text-align: justify;\">Seg\u00fan ellos, la noche del domingo unas 300 personas ingresaron a un predio fiscal ubicado entre San Juan de Lomer\u00edo y la estancia Atl\u00e1ntico Norte. \u201cEntregaron 50 hect\u00e1reas a cada familia que particip\u00f3 de la ocupaci\u00f3n\u201d, afirm\u00f3 Serrate, quien agreg\u00f3 que estas personas son oriundas de La Paz, Cochabamba, Chuquisaca, Oruro y Potos\u00ed.<\/p>\n<p style=\"text-align: justify;\">\u201cHay comunidades en mi pueblo que tienen menos de 200 o 300 hect\u00e1reas y aqu\u00ed est\u00e1n queriendo entregar 15.000 hect\u00e1reas a cinco o seis comunidades\u201d, acot\u00f3 Dorado. \u201cLa Constituci\u00f3n dice que la tierra es primero para los originarios, pero aqu\u00ed eso no sucede\u201d, remarc\u00f3.<\/p>\n","protected":false},"excerpt":{"rendered":"<p>Para la legisladora chiquitana de Creemos, Mar\u00eda Ren\u00e9 \u00c1lvarez, la dotaci\u00f3n de 15.000 hect\u00e1reas de tierras fiscales en San Miguel de Velasco a cinco comunidades afines al Movimiento al Socialismo, que no son originarias de ese municipio cruce\u00f1o, no solo es una amenaza al sector productivo, sino y m\u00e1s importante, \u201cun atentado al medioambiente, a [&hellip;]<\/p>\n","protected":false},"author":4,"featured_media":53616,"comment_status":"open","ping_status":"closed","sticky":false,"template":"","format":"standard","meta":{"footnotes":""},"categories":[20],"tags":[],"class_list":{"0":"post-53615","1":"post","2":"type-post","3":"status-publish","4":"format-standard","5":"has-post-thumbnail","7":"category-actualidad"},"_links":{"self":[{"href":"https:\/\/jms.com.bo\/mediamonitor\/wp-json\/wp\/v2\/posts\/53615","targetHints":{"allow":["GET"]}}],"collection":[{"href":"https:\/\/jms.com.bo\/mediamonitor\/wp-json\/wp\/v2\/posts"}],"about":[{"href":"https:\/\/jms.com.bo\/mediamonitor\/wp-json\/wp\/v2\/types\/post"}],"author":[{"embeddable":true,"href":"https:\/\/jms.com.bo\/mediamonitor\/wp-json\/wp\/v2\/users\/4"}],"replies":[{"embeddable":true,"href":"https:\/\/jms.com.bo\/mediamonitor\/wp-json\/wp\/v2\/comments?post=53615"}],"version-history":[{"count":0,"href":"https:\/\/jms.com.bo\/mediamonitor\/wp-json\/wp\/v2\/posts\/53615\/revisions"}],"wp:featuredmedia":[{"embeddable":true,"href":"https:\/\/jms.com.bo\/mediamonitor\/wp-json\/wp\/v2\/media\/53616"}],"wp:attachment":[{"href":"https:\/\/jms.com.bo\/mediamonitor\/wp-json\/wp\/v2\/media?parent=53615"}],"wp:term":[{"taxonomy":"category","embeddable":true,"href":"https:\/\/jms.com.bo\/mediamonitor\/wp-json\/wp\/v2\/categories?post=53615"},{"taxonomy":"post_tag","embeddable":true,"href":"https:\/\/jms.com.bo\/mediamonitor\/wp-json\/wp\/v2\/tags?post=53615"}],"curies":[{"name":"wp","href":"https:\/\/api.w.org\/{rel}","templated":true}]}}