{"id":53617,"date":"2023-07-06T07:16:43","date_gmt":"2023-07-06T11:16:43","guid":{"rendered":"https:\/\/jms.com.bo\/mediamonitor\/2023\/07\/06\/bolivia-y-peru-intercambian-informacion-sobre-rutas-ilegales-del-contrabando-de-oro-combustible-y-madera\/"},"modified":"2023-07-06T07:16:43","modified_gmt":"2023-07-06T11:16:43","slug":"bolivia-y-peru-intercambian-informacion-sobre-rutas-ilegales-del-contrabando-de-oro-combustible-y-madera","status":"publish","type":"post","link":"https:\/\/jms.com.bo\/mediamonitor\/2023\/07\/06\/bolivia-y-peru-intercambian-informacion-sobre-rutas-ilegales-del-contrabando-de-oro-combustible-y-madera\/","title":{"rendered":"Bolivia y Per\u00fa intercambian informaci\u00f3n sobre rutas ilegales del contrabando de oro, combustible y madera"},"content":{"rendered":"<p style=\"text-align: justify;\">Autoridades de Bolivia y de Per\u00fa se reunieron e intercambiaron informaci\u00f3n sobre las rutas y pasos ilegales de oro, combustible y madera en la zona andina y particularmente en la zona amaz\u00f3nica, inform\u00f3 el viceministro de Lucha Contra el Contrabando, general Daniel Vargas.<\/p>\n<p style=\"text-align: justify;\">\u201cAl margen de que ingresan productos agr\u00edcolas de parte del Per\u00fa, llama la atenci\u00f3n la salida de productos y recursos que tiene nuestro pa\u00eds como la madera, productos amaz\u00f3nicos, el combustible, la miner\u00eda ilegal como el tr\u00e1fico de oro y otras actividades il\u00edcitas que est\u00e1n conexas con el contrabando como el narcotr\u00e1fico\u201d, dijo la autoridad.<\/p>\n<p style=\"text-align: justify;\">El viceministerio tuvo un encuentro virtual con la Superintendencia de Aduana de Per\u00fa para analizar las rutas prohibidas y no habilitadas que utiliza el contrabando en la zona amaz\u00f3nica con la frontera con ese vecino pa\u00eds.<\/p>\n<p style=\"text-align: justify;\">\u201cEste intercambio de informaci\u00f3n va a permitir analizar futuras operaciones que se tienen previstas, tanto en el occidente del pa\u00eds como en la parte amaz\u00f3nica\u201d, explic\u00f3 la autoridad.<\/p>\n<p style=\"text-align: justify;\">Anunci\u00f3 que en base a la informaci\u00f3n recolectada se preparar\u00e1 un operativo binacional (Per\u00fa-Bolivia) en Cobija, en las rutas que se considera de mayor riesgo.<\/p>\n<p style=\"text-align: justify;\">Asever\u00f3 tambi\u00e9n que ambos pa\u00edses realizan este tipo de controles en las diferentes rutas en el departamento de Pando, frontera con Per\u00fa.<\/p>\n<p style=\"text-align: justify;\">Vargas explic\u00f3 que esta primera reuni\u00f3n virtual se realiz\u00f3 en el marco de la Comisi\u00f3n Binacional Fronteriza Per\u00fa-Bolivia y la XII Versi\u00f3n de la Comisi\u00f3n Bilateral peruano-boliviana de lucha contra el contrabando.<\/p>\n","protected":false},"excerpt":{"rendered":"<p>Autoridades de Bolivia y de Per\u00fa se reunieron e intercambiaron informaci\u00f3n sobre las rutas y pasos ilegales de oro, combustible y madera en la zona andina y particularmente en la zona amaz\u00f3nica, inform\u00f3 el viceministro de Lucha Contra el Contrabando, general Daniel Vargas. \u201cAl margen de que ingresan productos agr\u00edcolas de parte del Per\u00fa, llama [&hellip;]<\/p>\n","protected":false},"author":4,"featured_media":53618,"comment_status":"open","ping_status":"closed","sticky":false,"template":"","format":"standard","meta":{"footnotes":""},"categories":[20,47,48],"tags":[],"class_list":{"0":"post-53617","1":"post","2":"type-post","3":"status-publish","4":"format-standard","5":"has-post-thumbnail","7":"category-actualidad","8":"category-portada-actualidad","9":"category-portada-general-sitio"},"_links":{"self":[{"href":"https:\/\/jms.com.bo\/mediamonitor\/wp-json\/wp\/v2\/posts\/53617","targetHints":{"allow":["GET"]}}],"collection":[{"href":"https:\/\/jms.com.bo\/mediamonitor\/wp-json\/wp\/v2\/posts"}],"about":[{"href":"https:\/\/jms.com.bo\/mediamonitor\/wp-json\/wp\/v2\/types\/post"}],"author":[{"embeddable":true,"href":"https:\/\/jms.com.bo\/mediamonitor\/wp-json\/wp\/v2\/users\/4"}],"replies":[{"embeddable":true,"href":"https:\/\/jms.com.bo\/mediamonitor\/wp-json\/wp\/v2\/comments?post=53617"}],"version-history":[{"count":0,"href":"https:\/\/jms.com.bo\/mediamonitor\/wp-json\/wp\/v2\/posts\/53617\/revisions"}],"wp:featuredmedia":[{"embeddable":true,"href":"https:\/\/jms.com.bo\/mediamonitor\/wp-json\/wp\/v2\/media\/53618"}],"wp:attachment":[{"href":"https:\/\/jms.com.bo\/mediamonitor\/wp-json\/wp\/v2\/media?parent=53617"}],"wp:term":[{"taxonomy":"category","embeddable":true,"href":"https:\/\/jms.com.bo\/mediamonitor\/wp-json\/wp\/v2\/categories?post=53617"},{"taxonomy":"post_tag","embeddable":true,"href":"https:\/\/jms.com.bo\/mediamonitor\/wp-json\/wp\/v2\/tags?post=53617"}],"curies":[{"name":"wp","href":"https:\/\/api.w.org\/{rel}","templated":true}]}}