{"id":53619,"date":"2023-07-06T07:18:05","date_gmt":"2023-07-06T11:18:05","guid":{"rendered":"https:\/\/jms.com.bo\/mediamonitor\/2023\/07\/06\/tramitan-designacion-de-los-embajadores-para-china-y-brasil\/"},"modified":"2023-07-06T07:18:05","modified_gmt":"2023-07-06T11:18:05","slug":"tramitan-designacion-de-los-embajadores-para-china-y-brasil","status":"publish","type":"post","link":"https:\/\/jms.com.bo\/mediamonitor\/2023\/07\/06\/tramitan-designacion-de-los-embajadores-para-china-y-brasil\/","title":{"rendered":"Tramitan designaci\u00f3n de los embajadores para China y Brasil"},"content":{"rendered":"<p style=\"text-align: justify;\">La Comisi\u00f3n de Pol\u00edtica Internacional del Senado tramita la designaci\u00f3n de embajadores de Bolivia para la Rep\u00fablica Federativa de Brasil y la Rep\u00fablica Popular China. El presidente del Estado, Luis Arce, hizo la solicitud luego de dos a\u00f1os y siete meses sin representaci\u00f3n diplom\u00e1tica en ambos pa\u00edses. Los internacionalistas consideran que se apuran las nominaciones por la necesidad de la explotaci\u00f3n del litio y el ingreso al Mercado Com\u00fan del Sur (Mercosur).<\/p>\n<p style=\"text-align: justify;\">\u201cLa designaci\u00f3n del Ejecutivo (para embajador de Brasil) ya pas\u00f3 a la Comisi\u00f3n de Pol\u00edtica Internacional, pero ahora estamos en una fiscalizaci\u00f3n en Beni. Nosotros volveremos el pr\u00f3ximo lunes al trabajo legislativo y los tres senadores miembros veremos cu\u00e1ndo vamos a sesionar\u201d, inform\u00f3 la presidenta de la Comisi\u00f3n y senadora Mar\u00eda Nacif Barboza en un contacto con EL DEBER.<\/p>\n<p style=\"text-align: justify;\">Sobre los perfiles o personas propuestas para el cargo diplom\u00e1tico no pudo brindar detalles, ya que estos temas se manejan bajo reserva, seg\u00fan la normativa.<\/p>\n<p style=\"text-align: justify;\">Este medio verific\u00f3 que en la sesi\u00f3n 148 de la C\u00e1mara de Senadores, del 22 de abril, el Secretario General de la Vicepresidencia no s\u00f3lo envi\u00f3 la nota del mandatario sobre designaci\u00f3n del embajador de Bolivia ante Brasil, sino tambi\u00e9n remiti\u00f3 otra nota \u201creferente a designaci\u00f3n de embajador extraordinario y plenipotenciario del Estado Plurinacional de Bolivia ante la Rep\u00fablica de China\u201d, seg\u00fan ley\u00f3 el secretario del Senado.<\/p>\n<p style=\"text-align: justify;\">Andr\u00f3nico Rodr\u00edguez (MAS), presidente de la C\u00e1mara Baja, deriv\u00f3 ambas notas a la Comisi\u00f3n de Pol\u00edtica Internacional. Sin embargo, este tr\u00e1mite podr\u00eda tener m\u00e1s demoras por el receso legislativo que se avecina.<\/p>\n<p style=\"text-align: justify;\">A la fecha, Bolivia no design\u00f3 representaci\u00f3n diplom\u00e1tica al m\u00e1s alto nivel en Paraguay, Brasil ni Colombia. Con Per\u00fa tambi\u00e9n existen fricciones porque Arce ideol\u00f3gicamente no coincide con Dina Boluarte, presidenta peruana, a la que considera una autoridad de facto.<\/p>\n<p style=\"text-align: justify;\">El presidente Luis Arce tampoco ha nombrado embajadores en naciones que son socias pol\u00edticas y cooperantes importantes, como China o Jap\u00f3n.<\/p>\n<p style=\"text-align: justify;\">Por otro lado, la Canciller\u00eda de Bolivia enfrenta conflictos por denuncias de despido a funcionarios de carrera. Recientemente, un grupo de diplom\u00e1ticos de carrera demand\u00f3 al Estado boliviano ante la Comisi\u00f3n Interamericana de Derechos Humanos (CIDH) por $us 7 millones porque aseguran que fueron despedidos de su fuente laboral por el actual canciller Rogelio Mayta y que ahora no pueden conseguir trabajo debido a que formar\u00edan parte de una especie de \u201clistas negras\u201d.<\/p>\n<p style=\"text-align: justify;\">Puntos de vista<\/p>\n<p style=\"text-align: justify;\">El internacionalista Francisco Solares considera que el Gobierno de Bolivia est\u00e1 apresurando el tr\u00e1mite de designaci\u00f3n de embajadores en los pa\u00edses que son aliados pol\u00edticos. El inter\u00e9s en Brasil radica en la intenci\u00f3n de ingresar al Mercorur ypor el negocio gras\u00edfero; en el caso de China est\u00e1 pendiente la alianza para la explotaci\u00f3n del litio.<\/p>\n<p style=\"text-align: justify;\">\u201cEl cambio de gobierno en Brasil y la elecci\u00f3n de Lula Da Silva destraba la designaci\u00f3n de un embajador boliviano en ese pa\u00eds. Por otro lado, Bolivia necesita apurar su ingreso al Mercosur, tambi\u00e9n se debe ver el futuro de Bolivia con relaci\u00f3n al gas porque no podemos cumplir la cuota de gas y tambi\u00e9n debe haber un trabajo en cooperaci\u00f3n sobre el narcotr\u00e1fico que es fundamental\u201d, sostuvo el experto.<\/p>\n<p style=\"text-align: justify;\">Con relaci\u00f3n al Mercosur, Lula asumi\u00f3 el martes 4 de julio la presidencia de este organismo. Este escenario podr\u00eda ser favorable para Bolivia. En el acto de posesi\u00f3n, el l\u00edder brasile\u00f1o plante\u00f3 acuerdos comerciales con Canad\u00e1, Corea del Sur y Singapur, mientras apunta a reforzar el comercio con otros pa\u00edses suramericanos.<\/p>\n<p style=\"text-align: justify;\">Brasil es el socio comercial mayoritario de Bolivia por la venta de gas, el proyecto de construcci\u00f3n del corredor bioce\u00e1nico, la reconstrucci\u00f3n de la Unasur y el fortalecimiento del programa de estatus migratorio, este \u00faltimo considerando que m\u00e1s de medio mill\u00f3n de bolivianos en ese pa\u00eds.<\/p>\n<p style=\"text-align: justify;\">En el caso de China, Solares dijo que existe una intencionalidad de Bolivia de tener una relaci\u00f3n pol\u00edtica m\u00e1s s\u00f3lida porque es uno de los principales inversores y puso como ejemplo la reciente firma de convenio para extraer litio.<\/p>\n","protected":false},"excerpt":{"rendered":"<p>La Comisi\u00f3n de Pol\u00edtica Internacional del Senado tramita la designaci\u00f3n de embajadores de Bolivia para la Rep\u00fablica Federativa de Brasil y la Rep\u00fablica Popular China. El presidente del Estado, Luis Arce, hizo la solicitud luego de dos a\u00f1os y siete meses sin representaci\u00f3n diplom\u00e1tica en ambos pa\u00edses. Los internacionalistas consideran que se apuran las nominaciones [&hellip;]<\/p>\n","protected":false},"author":4,"featured_media":53620,"comment_status":"open","ping_status":"closed","sticky":false,"template":"","format":"standard","meta":{"footnotes":""},"categories":[18],"tags":[],"class_list":{"0":"post-53619","1":"post","2":"type-post","3":"status-publish","4":"format-standard","5":"has-post-thumbnail","7":"category-politica"},"_links":{"self":[{"href":"https:\/\/jms.com.bo\/mediamonitor\/wp-json\/wp\/v2\/posts\/53619","targetHints":{"allow":["GET"]}}],"collection":[{"href":"https:\/\/jms.com.bo\/mediamonitor\/wp-json\/wp\/v2\/posts"}],"about":[{"href":"https:\/\/jms.com.bo\/mediamonitor\/wp-json\/wp\/v2\/types\/post"}],"author":[{"embeddable":true,"href":"https:\/\/jms.com.bo\/mediamonitor\/wp-json\/wp\/v2\/users\/4"}],"replies":[{"embeddable":true,"href":"https:\/\/jms.com.bo\/mediamonitor\/wp-json\/wp\/v2\/comments?post=53619"}],"version-history":[{"count":0,"href":"https:\/\/jms.com.bo\/mediamonitor\/wp-json\/wp\/v2\/posts\/53619\/revisions"}],"wp:featuredmedia":[{"embeddable":true,"href":"https:\/\/jms.com.bo\/mediamonitor\/wp-json\/wp\/v2\/media\/53620"}],"wp:attachment":[{"href":"https:\/\/jms.com.bo\/mediamonitor\/wp-json\/wp\/v2\/media?parent=53619"}],"wp:term":[{"taxonomy":"category","embeddable":true,"href":"https:\/\/jms.com.bo\/mediamonitor\/wp-json\/wp\/v2\/categories?post=53619"},{"taxonomy":"post_tag","embeddable":true,"href":"https:\/\/jms.com.bo\/mediamonitor\/wp-json\/wp\/v2\/tags?post=53619"}],"curies":[{"name":"wp","href":"https:\/\/api.w.org\/{rel}","templated":true}]}}