{"id":53621,"date":"2023-07-06T07:19:28","date_gmt":"2023-07-06T11:19:28","guid":{"rendered":"https:\/\/jms.com.bo\/mediamonitor\/2023\/07\/06\/expectativa-camacho-puede-salir-de-la-carcel-y-volver-a-la-plaza-murillo-despues-de-casi-cuatro-anos\/"},"modified":"2023-07-06T07:19:28","modified_gmt":"2023-07-06T11:19:28","slug":"expectativa-camacho-puede-salir-de-la-carcel-y-volver-a-la-plaza-murillo-despues-de-casi-cuatro-anos","status":"publish","type":"post","link":"https:\/\/jms.com.bo\/mediamonitor\/2023\/07\/06\/expectativa-camacho-puede-salir-de-la-carcel-y-volver-a-la-plaza-murillo-despues-de-casi-cuatro-anos\/","title":{"rendered":"Expectativa, Camacho puede salir de la c\u00e1rcel y volver a la plaza Murillo despu\u00e9s de casi cuatro a\u00f1os"},"content":{"rendered":"<p style=\"text-align: justify;\">12 de noviembre de 2019. Balc\u00f3n del Palacio de Gobierno de la plaza Murillo. Luis Fernando Camacho, el c\u00edvico, festeja junto a la presidenta transitoria Jeanine \u00c1\u00f1ez. \u00c9l sujeta la Gran Biblia con la cual lleg\u00f3 a la ciudad de La Paz para dar los \u201csantos \u00f3leos\u201d al gobierno de Evo Morales.<\/p>\n<p style=\"text-align: justify;\">6 de julio de 2023. Casi cuatro a\u00f1os despu\u00e9s. Luis Fernando Camacho, el gobernador de Santa Cruz, tiene la autorizaci\u00f3n de un juez para salir de la c\u00e1rcel de Chonchocoro, si hay escoltas disponibles, para participar del Consejo Nacional de Autonom\u00edas, en la Casa Grande del Pueblo.<\/p>\n<p style=\"text-align: justify;\">Este jueves se re\u00fanen el presidente Luis Arce, gobernadores, autoridades municipales y otras regionales en el Consejo. Evaluar\u00e1n los avances para el Censo del 23 de marzo de 2024. Una instancia a la que Camacho no asisti\u00f3 en otras invitaciones, pero ahora puede ser la excepci\u00f3n.<\/p>\n<p style=\"text-align: justify;\">El gobernador que en 2019 lider\u00f3 las protestas c\u00edvicas que cavaron el derrocamiento del entonces presidente Evo Morales, se encuentra en el penal pace\u00f1o desde diciembre de 2022, con detenci\u00f3n preventiva, en el marco de las investigaciones del caso Golpe de Estado I.<\/p>\n<p style=\"text-align: justify;\">La ca\u00edda del l\u00edder cocalero se consum\u00f3 el 10 de noviembre de 2019, asfixiado por las denuncias de fraude en las elecciones generales, las movilizaciones c\u00edvicas, un mot\u00edn policial que se esparci\u00f3 como reguero de p\u00f3lvora y la presi\u00f3n del Alto Mando de las Fuerzas Armadas.<\/p>\n<p style=\"text-align: justify;\">El gobernador Luis Fernando Camacho, cuando fue aprehendido en 2022.<br \/>\nCamacho allan\u00f3 el camino al poder de \u00c1\u00f1ez, tras reuniones extralegislativas que hoy son indagadas en el caso Golpe de Estado I. La ahora exmandataria se encuentra en la penitenciar\u00eda de Miraflores y tiene una sentencia en primera instancia en el caso Golpe II: 10 a\u00f1os de prisi\u00f3n.<\/p>\n<p style=\"text-align: justify;\">Camacho<\/p>\n<p style=\"text-align: justify;\">Este caso se refiere a la autoproclamaci\u00f3n de la exsenadora opositora el 12 de noviembre de 2019. Seg\u00fan la Fiscal\u00eda, tom\u00f3 las riendas del Estado en una sesi\u00f3n legislativa que no cont\u00f3 con el qu\u00f3rum respectivo y, adem\u00e1s, no respet\u00f3 el reglamento de debates de la C\u00e1mara Alta.<\/p>\n<p style=\"text-align: justify;\">Ese d\u00eda, Camacho apareci\u00f3 con ella en el balc\u00f3n del Palacio de Gobierno, celebrando el adi\u00f3s de Morales. Pero, al poco tiempo, la luna de miel entre el entonces l\u00edder c\u00edvico cruce\u00f1o y \u00c1\u00f1ez acab\u00f3. \u00bfLa causa? Se ven\u00edan las elecciones de 2020 y no caben dos en la silla presidencial.<\/p>\n<p style=\"text-align: justify;\">Primer quiebre: la salida del gabinete de la ficha de Camacho, Jerjes Justiniano, ministro de la Presidencia. Segundo quiebre: a \u00c1\u00f1ez le gust\u00f3 el traje presidencial y decidi\u00f3 lanzarse como candidata. Una cuchillada a Camacho, que se ve\u00eda como la carta ganadora de los exopositores.<\/p>\n<p style=\"text-align: justify;\">El ahora gobernador cruce\u00f1o no pis\u00f3 desde ese 2019 la plaza Murillo. Uno de sus \u00faltimos arribos a la ciudad de La Paz, libre, fue en la feria de Alasita del siguiente a\u00f1o, cuando vino a inscribir su alianza, Creemos, ante el Tribunal Supremo Electoral (TSE). Pero no tiene un buen recuerdo.<\/p>\n<p style=\"text-align: justify;\">Ese 24 de enero fue abucheado en la feria de la miniatura. Personas le gritaron \u201coportunista\u201d, \u201cracista\u201d, \u201casesino\u201d\u2026 Le lanzaron varios objetos. Nada de miniaturas. Le llovieron choclos, frutas, botellas\u2026 Al menos, un choclo le lleg\u00f3. Y Camacho fue rescatado por su seguridad.<\/p>\n<p style=\"text-align: justify;\">Retorno<\/p>\n<p style=\"text-align: justify;\">Luego, reapareci\u00f3 en La Paz para su campa\u00f1a presidencial. Sin embargo, con el retorno del Movimiento Al Socialismo (MAS) al poder, en noviembre de 2020, con Luis Arce como presidente, Camacho borr\u00f3 definitivamente de su mapa de visitas a esta regi\u00f3n. M\u00e1s a\u00fan, sectores opositores al gobernador incluso le advirtieron por si se animaba a aterrizar en la sede de gobierno.<\/p>\n<p style=\"text-align: justify;\">No quiso venir para declarar ante la Fiscal\u00eda, ni a las citas del Consejo de Autonom\u00edas. Eso cambi\u00f3 en diciembre de 2022: fue aprehendido en Santa Cruz y trasladado a suelo pace\u00f1o. Lo m\u00e1s cerca que estuvo de la plaza Murillo fueron las celdas de la Polic\u00eda, en la avenida Sucre.<\/p>\n<p style=\"text-align: justify;\">Ahora, desde la Gobernaci\u00f3n cruce\u00f1a han abierto la puerta a que asista a la reuni\u00f3n del Consejo prevista para este jueves, bajo la direcci\u00f3n del presidente Arce, en la Casa Grande del Pueblo. Por lo visto, ahora s\u00ed Camacho tiene todo el inter\u00e9s de ser parte de este encuentro.<\/p>\n<p style=\"text-align: justify;\">Un juez de Santa Cruz se\u00f1al\u00f3 el mi\u00e9rcoles que si hay escoltas disponibles, el gobernador puede salir de Chonchocoro para ser parte de la evaluaci\u00f3n del Censo de 2024. No obstante, desde la Direcci\u00f3n Nacional de R\u00e9gimen Penitenciario se indic\u00f3 que no lleg\u00f3 ninguna orden al respecto.<\/p>\n<p style=\"text-align: justify;\">O sea, este jueves se dilucidar\u00e1 si la autoridad departamental retorna casi cuatro a\u00f1os despu\u00e9s al epicentro del poder pol\u00edtico. Ahora no podr\u00e1 hacerlo con la Gran Biblia, ni con un ba\u00f1o de multitudes como en 2019. Sino como Luis Fernando Camacho, el gobernador encarcelado.<\/p>\n","protected":false},"excerpt":{"rendered":"<p>12 de noviembre de 2019. Balc\u00f3n del Palacio de Gobierno de la plaza Murillo. Luis Fernando Camacho, el c\u00edvico, festeja junto a la presidenta transitoria Jeanine \u00c1\u00f1ez. \u00c9l sujeta la Gran Biblia con la cual lleg\u00f3 a la ciudad de La Paz para dar los \u201csantos \u00f3leos\u201d al gobierno de Evo Morales. 6 de julio [&hellip;]<\/p>\n","protected":false},"author":4,"featured_media":53622,"comment_status":"open","ping_status":"closed","sticky":false,"template":"","format":"standard","meta":{"footnotes":""},"categories":[18],"tags":[],"class_list":{"0":"post-53621","1":"post","2":"type-post","3":"status-publish","4":"format-standard","5":"has-post-thumbnail","7":"category-politica"},"_links":{"self":[{"href":"https:\/\/jms.com.bo\/mediamonitor\/wp-json\/wp\/v2\/posts\/53621","targetHints":{"allow":["GET"]}}],"collection":[{"href":"https:\/\/jms.com.bo\/mediamonitor\/wp-json\/wp\/v2\/posts"}],"about":[{"href":"https:\/\/jms.com.bo\/mediamonitor\/wp-json\/wp\/v2\/types\/post"}],"author":[{"embeddable":true,"href":"https:\/\/jms.com.bo\/mediamonitor\/wp-json\/wp\/v2\/users\/4"}],"replies":[{"embeddable":true,"href":"https:\/\/jms.com.bo\/mediamonitor\/wp-json\/wp\/v2\/comments?post=53621"}],"version-history":[{"count":0,"href":"https:\/\/jms.com.bo\/mediamonitor\/wp-json\/wp\/v2\/posts\/53621\/revisions"}],"wp:featuredmedia":[{"embeddable":true,"href":"https:\/\/jms.com.bo\/mediamonitor\/wp-json\/wp\/v2\/media\/53622"}],"wp:attachment":[{"href":"https:\/\/jms.com.bo\/mediamonitor\/wp-json\/wp\/v2\/media?parent=53621"}],"wp:term":[{"taxonomy":"category","embeddable":true,"href":"https:\/\/jms.com.bo\/mediamonitor\/wp-json\/wp\/v2\/categories?post=53621"},{"taxonomy":"post_tag","embeddable":true,"href":"https:\/\/jms.com.bo\/mediamonitor\/wp-json\/wp\/v2\/tags?post=53621"}],"curies":[{"name":"wp","href":"https:\/\/api.w.org\/{rel}","templated":true}]}}