{"id":53623,"date":"2023-07-06T07:21:10","date_gmt":"2023-07-06T11:21:10","guid":{"rendered":"https:\/\/jms.com.bo\/mediamonitor\/2023\/07\/06\/con-las-elecciones-judiciales-en-vilo-el-mas-plantea-receso-parlamentario\/"},"modified":"2023-07-06T07:21:10","modified_gmt":"2023-07-06T11:21:10","slug":"con-las-elecciones-judiciales-en-vilo-el-mas-plantea-receso-parlamentario","status":"publish","type":"post","link":"https:\/\/jms.com.bo\/mediamonitor\/2023\/07\/06\/con-las-elecciones-judiciales-en-vilo-el-mas-plantea-receso-parlamentario\/","title":{"rendered":"Con las elecciones judiciales en vilo, el MAS plantea receso parlamentario"},"content":{"rendered":"<p style=\"text-align: justify;\">Pese a que existe alarma por la elecci\u00f3n judicial y la preselecci\u00f3n en el Parlamento, ma\u00f1ana desde las 16:00 se realizar\u00e1 la sesi\u00f3n de Asamblea que tiene como \u00fanico punto la designaci\u00f3n de los asamble\u00edstas que quedar\u00e1n \u201cde turno\u201d y los masistas creen que habr\u00e1 tiempo para cumplir con esa emergencia.<\/p>\n<p style=\"text-align: justify;\">\u201cEl presidente de la Asamblea Legislativa Plurinacional, David Choquehuanca C\u00e9spedes, convoca a las senadoras, senadores, diputadas y diputados a la instalaci\u00f3n de la d\u00e9cima s\u00e9ptima sesi\u00f3n ordinaria de la legislatura 2022 2023, a realizarse el d\u00eda jueves 6 de julio, a horas 16:00\u201d, se\u00f1ala la convocatoria oficial.<\/p>\n<p style=\"text-align: justify;\">La preselecci\u00f3n de los aspirantes a magistrados est\u00e1 paralizada desde el 28 de abril pasado por una medida cautelar impuesta por el Tribunal Constitucional Plurinacional (TCP) y los parlamentarios esperan que en cualquier momento se conozca el fallo final del ente; pero el receso durar\u00e1 dos semanas.<\/p>\n<p style=\"text-align: justify;\">\u201cLo que se est\u00e1 pretendiendo ahora es que se tendr\u00eda el receso la segunda quincena de julio. Por su parte, el Tribunal Constitucional tiene hasta fines de este mes para emitir el fallo que est\u00e1 pendiente para la elecci\u00f3n de autoridades judiciales, esperamos entonces que sea en esa \u00faltima semana que se d\u00e9 y nosotros, para entonces, ya deber\u00edamos estar de regreso a las sesiones\u201d, proyect\u00f3 el senador, Jos\u00e9 Luis Flores (MAS).<\/p>\n<p style=\"text-align: justify;\">Su colega, Jos\u00e9 Maldonado (CC), tiene otra visi\u00f3n, cree que se podr\u00eda hacer que los miembros de la comisi\u00f3n de Constituci\u00f3n sean designados como la \u201ccomisi\u00f3n de Asamblea\u201d y as\u00ed podr\u00e1n actuar si es que el TCP hace conocer su decisi\u00f3n antes del 3 de agosto.<\/p>\n<p style=\"text-align: justify;\">La Asamblea est\u00e1 a la espera de la decisi\u00f3n final del TCP sobre la acci\u00f3n de inconstitucionalidad abstracta que present\u00f3 el diputado Leonardo Ayala contra la preselecci\u00f3n de candidatos a magistrados. La causa fue sorteada el 30 de mayo pasado y el plazo de 45 d\u00edas h\u00e1biles se cumple el 3 de agosto.<\/p>\n<p style=\"text-align: justify;\">Por esa raz\u00f3n, Maldonado dijo que el receso ser\u00e1 desde el 10 de julio y podr\u00e1n volver el 24 del mismo mes, lo que les dar\u00eda tiempo suficiente para esperar el fallo del TCP.<\/p>\n<p style=\"text-align: justify;\">Asimismo, est\u00e1n los cr\u00e9ditos que est\u00e1 reclamando el Ejecutivo y este mi\u00e9rcoles se instal\u00f3 la sesi\u00f3n para la aprobaci\u00f3n de m\u00e1s cr\u00e9ditos que el Gobierno requiere.<\/p>\n","protected":false},"excerpt":{"rendered":"<p>Pese a que existe alarma por la elecci\u00f3n judicial y la preselecci\u00f3n en el Parlamento, ma\u00f1ana desde las 16:00 se realizar\u00e1 la sesi\u00f3n de Asamblea que tiene como \u00fanico punto la designaci\u00f3n de los asamble\u00edstas que quedar\u00e1n \u201cde turno\u201d y los masistas creen que habr\u00e1 tiempo para cumplir con esa emergencia. \u201cEl presidente de la [&hellip;]<\/p>\n","protected":false},"author":4,"featured_media":53624,"comment_status":"open","ping_status":"closed","sticky":false,"template":"","format":"standard","meta":{"footnotes":""},"categories":[18,48,46],"tags":[],"class_list":{"0":"post-53623","1":"post","2":"type-post","3":"status-publish","4":"format-standard","5":"has-post-thumbnail","7":"category-politica","8":"category-portada-general-sitio","9":"category-portada-politica"},"_links":{"self":[{"href":"https:\/\/jms.com.bo\/mediamonitor\/wp-json\/wp\/v2\/posts\/53623","targetHints":{"allow":["GET"]}}],"collection":[{"href":"https:\/\/jms.com.bo\/mediamonitor\/wp-json\/wp\/v2\/posts"}],"about":[{"href":"https:\/\/jms.com.bo\/mediamonitor\/wp-json\/wp\/v2\/types\/post"}],"author":[{"embeddable":true,"href":"https:\/\/jms.com.bo\/mediamonitor\/wp-json\/wp\/v2\/users\/4"}],"replies":[{"embeddable":true,"href":"https:\/\/jms.com.bo\/mediamonitor\/wp-json\/wp\/v2\/comments?post=53623"}],"version-history":[{"count":0,"href":"https:\/\/jms.com.bo\/mediamonitor\/wp-json\/wp\/v2\/posts\/53623\/revisions"}],"wp:featuredmedia":[{"embeddable":true,"href":"https:\/\/jms.com.bo\/mediamonitor\/wp-json\/wp\/v2\/media\/53624"}],"wp:attachment":[{"href":"https:\/\/jms.com.bo\/mediamonitor\/wp-json\/wp\/v2\/media?parent=53623"}],"wp:term":[{"taxonomy":"category","embeddable":true,"href":"https:\/\/jms.com.bo\/mediamonitor\/wp-json\/wp\/v2\/categories?post=53623"},{"taxonomy":"post_tag","embeddable":true,"href":"https:\/\/jms.com.bo\/mediamonitor\/wp-json\/wp\/v2\/tags?post=53623"}],"curies":[{"name":"wp","href":"https:\/\/api.w.org\/{rel}","templated":true}]}}