{"id":53625,"date":"2023-07-06T07:23:20","date_gmt":"2023-07-06T11:23:20","guid":{"rendered":"https:\/\/jms.com.bo\/mediamonitor\/2023\/07\/06\/gestora-admite-problemas-en-pagos-asegura-que-se-resuelven-en-la-ventanilla-de-la-entidad\/"},"modified":"2023-07-06T07:23:20","modified_gmt":"2023-07-06T11:23:20","slug":"gestora-admite-problemas-en-pagos-asegura-que-se-resuelven-en-la-ventanilla-de-la-entidad","status":"publish","type":"post","link":"https:\/\/jms.com.bo\/mediamonitor\/2023\/07\/06\/gestora-admite-problemas-en-pagos-asegura-que-se-resuelven-en-la-ventanilla-de-la-entidad\/","title":{"rendered":"Gestora admite problemas en pagos; asegura que se resuelven en la ventanilla de la entidad"},"content":{"rendered":"<p style=\"text-align: justify;\">En el segundo mes de pago de rentas, el gerente de la Gestora P\u00fablica, Jaime Dur\u00e1n, admiti\u00f3 este mi\u00e9rcoles la existencia de algunos casos atribuidos a \u201cconfusi\u00f3n\u201d y asegur\u00f3 que los mismos son resueltos en las ventanillas de atenci\u00f3n al p\u00fablico que tiene esa instituci\u00f3n.<\/p>\n<p style=\"text-align: justify;\">En una conferencia de prensa, Dur\u00e1n se refiri\u00f3 a \u201calgunos casos que se est\u00e1n presentado en plataformas y que posiblemente hayan sido sujetos de confusi\u00f3n\u201d y rechaz\u00f3 las denuncias emitidas por \u201cdirigentes pol\u00edticos\u201d y una asamble\u00edsta sobre un posible descuento en las pensiones y de que no se estar\u00eda pagando a un 20% de jubilados.<\/p>\n<p style=\"text-align: justify;\">Para las denuncias que se enmarcan en el primer caso, resalt\u00f3 que la Renta Dignidad, de acuerdo al Decreto Supremo 24900, s\u00f3lo se paga a adultos mayores de 60 a\u00f1os que no reciben un ingreso del Tesoro General de la Naci\u00f3n (TGN) o del Presupuesto General del Estado (PGE) y que viven en territorio nacional.<\/p>\n<p style=\"text-align: justify;\">\u201cEn m\u00e1s de un caso, ha pasado que recib\u00edan la Renta Dignidad en la anterior boleta y ahora han dejado de recibir porque los cruces inform\u00e1ticos nos han mostrado que esas personas se encuentran trabajando, ya sea en el magisterio o en universidades. Entonces, eso tiene que proceder conforme a ley, pero de ninguna manera se trata de alguna reducci\u00f3n de la pensi\u00f3n. Las pensiones se mantienen, las pensiones se est\u00e1n respetando\u00bb, asegur\u00f3.<\/p>\n<p style=\"text-align: justify;\">En este mismo caso, indic\u00f3 que se presentaron casos en los que los jubilados que recib\u00edan la pensi\u00f3n por vejez y por riesgo (por haber sufrido un accidente que les dej\u00f3 con alg\u00fan grado de discapacidad), pero que actualmente s\u00f3lo recibieron una de ellas. Estos casos son atendidos en ventanillas y son subsanadas, asegur\u00f3.<\/p>\n<p style=\"text-align: justify;\">Dur\u00e1n tambi\u00e9n rechaz\u00f3 la denuncia de que se habr\u00eda excluido al 20% de los jubilados en el pago. En este caso, inform\u00f3 que en dos d\u00edas de trabajo se hizo 172.348 pagos.<\/p>\n<p style=\"text-align: justify;\">Por otra parte, la autoridad de la Gestora report\u00f3 que hasta el martes 4 de julio se realizaron 190.096 pagos, beneficiando a 182.137 asegurados, representando un desembolso de 542 millones de bolivianos.<\/p>\n<p style=\"text-align: justify;\">Julio es el segundo mes en el que la Gestora realiza los pagos a los jubilados, luego de reemplazar a las Administradoras de Fondo de Pensiones (AFP). Este servicio lo hace a trav\u00e9s de una red de 37 entidades financieras en todo el pa\u00eds.<\/p>\n","protected":false},"excerpt":{"rendered":"<p>En el segundo mes de pago de rentas, el gerente de la Gestora P\u00fablica, Jaime Dur\u00e1n, admiti\u00f3 este mi\u00e9rcoles la existencia de algunos casos atribuidos a \u201cconfusi\u00f3n\u201d y asegur\u00f3 que los mismos son resueltos en las ventanillas de atenci\u00f3n al p\u00fablico que tiene esa instituci\u00f3n. En una conferencia de prensa, Dur\u00e1n se refiri\u00f3 a \u201calgunos [&hellip;]<\/p>\n","protected":false},"author":4,"featured_media":53626,"comment_status":"open","ping_status":"closed","sticky":false,"template":"","format":"standard","meta":{"footnotes":""},"categories":[25],"tags":[],"class_list":{"0":"post-53625","1":"post","2":"type-post","3":"status-publish","4":"format-standard","5":"has-post-thumbnail","7":"category-economia"},"_links":{"self":[{"href":"https:\/\/jms.com.bo\/mediamonitor\/wp-json\/wp\/v2\/posts\/53625","targetHints":{"allow":["GET"]}}],"collection":[{"href":"https:\/\/jms.com.bo\/mediamonitor\/wp-json\/wp\/v2\/posts"}],"about":[{"href":"https:\/\/jms.com.bo\/mediamonitor\/wp-json\/wp\/v2\/types\/post"}],"author":[{"embeddable":true,"href":"https:\/\/jms.com.bo\/mediamonitor\/wp-json\/wp\/v2\/users\/4"}],"replies":[{"embeddable":true,"href":"https:\/\/jms.com.bo\/mediamonitor\/wp-json\/wp\/v2\/comments?post=53625"}],"version-history":[{"count":0,"href":"https:\/\/jms.com.bo\/mediamonitor\/wp-json\/wp\/v2\/posts\/53625\/revisions"}],"wp:featuredmedia":[{"embeddable":true,"href":"https:\/\/jms.com.bo\/mediamonitor\/wp-json\/wp\/v2\/media\/53626"}],"wp:attachment":[{"href":"https:\/\/jms.com.bo\/mediamonitor\/wp-json\/wp\/v2\/media?parent=53625"}],"wp:term":[{"taxonomy":"category","embeddable":true,"href":"https:\/\/jms.com.bo\/mediamonitor\/wp-json\/wp\/v2\/categories?post=53625"},{"taxonomy":"post_tag","embeddable":true,"href":"https:\/\/jms.com.bo\/mediamonitor\/wp-json\/wp\/v2\/tags?post=53625"}],"curies":[{"name":"wp","href":"https:\/\/api.w.org\/{rel}","templated":true}]}}