{"id":53627,"date":"2023-07-06T07:24:26","date_gmt":"2023-07-06T11:24:26","guid":{"rendered":"https:\/\/jms.com.bo\/mediamonitor\/2023\/07\/06\/brasil-compromete-que-bolivia-a-la-brevedad-posible-sera-socio-del-mercosur\/"},"modified":"2023-07-06T07:24:26","modified_gmt":"2023-07-06T11:24:26","slug":"brasil-compromete-que-bolivia-a-la-brevedad-posible-sera-socio-del-mercosur","status":"publish","type":"post","link":"https:\/\/jms.com.bo\/mediamonitor\/2023\/07\/06\/brasil-compromete-que-bolivia-a-la-brevedad-posible-sera-socio-del-mercosur\/","title":{"rendered":"Brasil compromete que Bolivia, a la brevedad posible, ser\u00e1 socio del Mercosur"},"content":{"rendered":"<p style=\"text-align: justify;\">El embajador de Bolivia en Argentina, Ramiro Tapia, resalt\u00f3 el compromiso que hizo el presidente de Brasil, Luiz In\u00e1cio Lula da Silva, de que el congreso de su pa\u00eds apruebe, a la brevedad posible, la adhesi\u00f3n de Bolivia como miembro pleno del Mercado Com\u00fan del Sur (Mercosur).<\/p>\n<p style=\"text-align: justify;\">\u201cCon enorme satisfacci\u00f3n hemos escuchado de sus labios (de Lula da Silva), ha pronunciado estas palabras que Bolivia ser\u00e1 socio pleno a la brevedad posible, garantizando que su parlamento ya definitivamente d\u00e9 el visto bueno e inmediatamente ya seriamos parte importante del Mercosur\u201d, inform\u00f3 Tapia en entrevista con Piedra, Papel y Tinta, de La Raz\u00f3n.<\/p>\n<p style=\"text-align: justify;\">Durante la 62 cumbre de Jefes de Estado del Mercosur, Lula da Silva, como nuevo presidente pro t\u00e9mpore del bloque comercial regional, se comprometi\u00f3 a viabilizar la adhesi\u00f3n de Bolivia al Mercosur.<\/p>\n<p style=\"text-align: justify;\">\u201cCon una clara propuesta de franca integraci\u00f3n como parte fundamental de esta reuni\u00f3n ha sido que el presidente Lula da Silva ha indicado que har\u00e1 todos los esfuerzos necesarios y un poco ha garantizado que el parlamento brasile\u00f1o d\u00e9 el visto bueno para la definitiva participaci\u00f3n de Bolivia en el Mercosur y ya no ser invitado o estar como adscrito en las reuniones\u201d, complement\u00f3 Tapia.<\/p>\n<p style=\"text-align: justify;\">En diciembre del a\u00f1o pasado, en la Cumbre de Jefes de Estado del Mercosur, el canciller Rogelio Mayta reafirm\u00f3 la importancia de avanzar y consolidar la adhesi\u00f3n plena de Bolivia al bloque regional, sobre la base de la integraci\u00f3n como eje de desarrollo econ\u00f3mico y social.<\/p>\n<p style=\"text-align: justify;\">Beneficios<\/p>\n<p style=\"text-align: justify;\">Tapia indic\u00f3 que la adhesi\u00f3n de Bolivia al Mercosur permitir\u00e1 mejorar el comercio exterior con los pa\u00edses miembros. Adem\u00e1s, de tener mayor relaci\u00f3n con las potencias econ\u00f3micas de la regi\u00f3n Brasil y Argentina.<\/p>\n<p style=\"text-align: justify;\">\u201cSi llevamos adelante los preceptos que tiene el Mercosur ya nos incluir\u00eda como socio previo, no solamente para temas comerciales que son los fundamentales, pero tambi\u00e9n problemas sociales, humanos, en este caso, en el tema arancelario disminuir costos, tener intercambio de productos, hacer una importaci\u00f3n y exportaci\u00f3n entre los pa\u00edses signatarios\u201d, explic\u00f3 el embajador boliviano.<\/p>\n<p style=\"text-align: justify;\">El martes, el presidente Luis Arce, que particip\u00f3 en la Cumbre, sostuvo que el compromiso del mandatario brasile\u00f1o es un resultado de las gestiones de su gobierno para consolidar la participaci\u00f3n plena de Bolivia en el bloque ya integrado por Argentina, Brasil, Paraguay, Uruguay y Venezuela (pa\u00eds que fue suspendido de este mecanismo).<\/p>\n<p style=\"text-align: justify;\">El protocolo de adhesi\u00f3n de Bolivia al Mercosur ya fue firmado por la totalidad de los Estados parte en 2015. Los congresos de Argentina, Paraguay, Uruguay y Venezuela aprobaron el ingreso de Bolivia. Solo resta que lo haga el Congreso de Brasil.<\/p>\n","protected":false},"excerpt":{"rendered":"<p>El embajador de Bolivia en Argentina, Ramiro Tapia, resalt\u00f3 el compromiso que hizo el presidente de Brasil, Luiz In\u00e1cio Lula da Silva, de que el congreso de su pa\u00eds apruebe, a la brevedad posible, la adhesi\u00f3n de Bolivia como miembro pleno del Mercado Com\u00fan del Sur (Mercosur). \u201cCon enorme satisfacci\u00f3n hemos escuchado de sus labios [&hellip;]<\/p>\n","protected":false},"author":4,"featured_media":53628,"comment_status":"open","ping_status":"closed","sticky":false,"template":"","format":"standard","meta":{"footnotes":""},"categories":[25],"tags":[],"class_list":{"0":"post-53627","1":"post","2":"type-post","3":"status-publish","4":"format-standard","5":"has-post-thumbnail","7":"category-economia"},"_links":{"self":[{"href":"https:\/\/jms.com.bo\/mediamonitor\/wp-json\/wp\/v2\/posts\/53627","targetHints":{"allow":["GET"]}}],"collection":[{"href":"https:\/\/jms.com.bo\/mediamonitor\/wp-json\/wp\/v2\/posts"}],"about":[{"href":"https:\/\/jms.com.bo\/mediamonitor\/wp-json\/wp\/v2\/types\/post"}],"author":[{"embeddable":true,"href":"https:\/\/jms.com.bo\/mediamonitor\/wp-json\/wp\/v2\/users\/4"}],"replies":[{"embeddable":true,"href":"https:\/\/jms.com.bo\/mediamonitor\/wp-json\/wp\/v2\/comments?post=53627"}],"version-history":[{"count":0,"href":"https:\/\/jms.com.bo\/mediamonitor\/wp-json\/wp\/v2\/posts\/53627\/revisions"}],"wp:featuredmedia":[{"embeddable":true,"href":"https:\/\/jms.com.bo\/mediamonitor\/wp-json\/wp\/v2\/media\/53628"}],"wp:attachment":[{"href":"https:\/\/jms.com.bo\/mediamonitor\/wp-json\/wp\/v2\/media?parent=53627"}],"wp:term":[{"taxonomy":"category","embeddable":true,"href":"https:\/\/jms.com.bo\/mediamonitor\/wp-json\/wp\/v2\/categories?post=53627"},{"taxonomy":"post_tag","embeddable":true,"href":"https:\/\/jms.com.bo\/mediamonitor\/wp-json\/wp\/v2\/tags?post=53627"}],"curies":[{"name":"wp","href":"https:\/\/api.w.org\/{rel}","templated":true}]}}