{"id":53631,"date":"2023-07-06T07:26:48","date_gmt":"2023-07-06T11:26:48","guid":{"rendered":"https:\/\/jms.com.bo\/mediamonitor\/2023\/07\/06\/empresarios-privados-trabajan-propuestas-para-mejorar-la-economia-y-presentarlas-al-gobierno\/"},"modified":"2023-07-06T07:37:29","modified_gmt":"2023-07-06T11:37:29","slug":"empresarios-privados-trabajan-propuestas-para-mejorar-la-economia-y-presentarlas-al-gobierno","status":"publish","type":"post","link":"https:\/\/jms.com.bo\/mediamonitor\/2023\/07\/06\/empresarios-privados-trabajan-propuestas-para-mejorar-la-economia-y-presentarlas-al-gobierno\/","title":{"rendered":"Empresarios privados trabajan propuestas para mejorar la econom\u00eda y presentarlas al Gobierno"},"content":{"rendered":"<p style=\"text-align: justify;\">Los empresarios privados del pa\u00eds trabajan propuestas para mejorar la econom\u00eda nacional ante el contexto interno y externo. Las mismas ser\u00e1n entregadas al Gobierno nacional luego de los acercamientos que ya se tuvieron.<\/p>\n<p style=\"text-align: justify;\">El presidente de la C\u00e1mara Nacional de Industrias (CNI), Pablo Camacho, indic\u00f3 su sector al igual que los representantes de la Confederaci\u00f3n de Empresarios Privados de Bolivia (CEPB) ya se reunieron con autoridades gubernamentales.<\/p>\n<p style=\"text-align: justify;\">Lea tambi\u00e9n: Gobierno se reunir\u00e1 con empresarios privados para \u2018mejorar\u2019 el proyecto de ley anticorrupci\u00f3n<\/p>\n<p style=\"text-align: justify;\">\u201cTenemos una tarea pendiente a trav\u00e9s de nuestro ente matriz, la Confederaci\u00f3n, de presentar una serie de propuestas al Gobierno. Creo que este es el momento de trabajar de manera conjunta, debemos de trabajar por y para los bolivianos\u201d, dijo Camacho a Gigavisi\u00f3n.<\/p>\n<p style=\"text-align: justify;\">Las propuestas que presentar\u00e1 su sector a la CEPB se enmarcan en la industrializaci\u00f3n, exportaci\u00f3n y el acompa\u00f1amiento a las inversiones p\u00fablico-privadas.<\/p>\n<p style=\"text-align: justify;\">Situaci\u00f3n<\/p>\n<p style=\"text-align: justify;\">Camacho afirm\u00f3 que estos acuerdos permitir\u00e1n crear y mejorar las fuentes de empleo en el pa\u00eds que derivar\u00e1 en una mayor recaudaci\u00f3n tributaria para las arcas del Estado.<\/p>\n<p style=\"text-align: justify;\">\u201cEste es el momento de trabajar de manera conjunta, hoy el mundo ha cambiado, Bolivia debe cambiar, hoy debemos pensar en grande, debemos pensar en exportar, creo que necesitamos generar m\u00e1s industria, m\u00e1s empleos formales\u201d, a\u00f1adi\u00f3.<\/p>\n<p style=\"text-align: justify;\">En abril, el Gobierno admiti\u00f3 que el pa\u00eds est\u00e1 \u201csorteando\u201d dificultades econ\u00f3micas a causa de la crisis externa, diferentes sectores econ\u00f3micos demandaron una reuni\u00f3n para buscar soluciones y enfrentar esa situaci\u00f3n.<\/p>\n<p style=\"text-align: justify;\">Una de ellas es la C\u00e1mara de Industria, Comercio, Servicios y Turismo de Santa Cruz (Cainco) que pidi\u00f3 al Gobierno realizar un trabajo coordinado entre el sector p\u00fablico y el privado con el objetivo de resolver la crisis econ\u00f3mica que afecta al pa\u00eds.<\/p>\n","protected":false},"excerpt":{"rendered":"<p>Los empresarios privados del pa\u00eds trabajan propuestas para mejorar la econom\u00eda nacional ante el contexto interno y externo. Las mismas ser\u00e1n entregadas al Gobierno nacional luego de los acercamientos que ya se tuvieron. El presidente de la C\u00e1mara Nacional de Industrias (CNI), Pablo Camacho, indic\u00f3 su sector al igual que los representantes de la Confederaci\u00f3n [&hellip;]<\/p>\n","protected":false},"author":4,"featured_media":53632,"comment_status":"open","ping_status":"closed","sticky":false,"template":"","format":"standard","meta":{"footnotes":""},"categories":[25,45,48],"tags":[],"class_list":{"0":"post-53631","1":"post","2":"type-post","3":"status-publish","4":"format-standard","5":"has-post-thumbnail","7":"category-economia","8":"category-portada-economia","9":"category-portada-general-sitio"},"_links":{"self":[{"href":"https:\/\/jms.com.bo\/mediamonitor\/wp-json\/wp\/v2\/posts\/53631","targetHints":{"allow":["GET"]}}],"collection":[{"href":"https:\/\/jms.com.bo\/mediamonitor\/wp-json\/wp\/v2\/posts"}],"about":[{"href":"https:\/\/jms.com.bo\/mediamonitor\/wp-json\/wp\/v2\/types\/post"}],"author":[{"embeddable":true,"href":"https:\/\/jms.com.bo\/mediamonitor\/wp-json\/wp\/v2\/users\/4"}],"replies":[{"embeddable":true,"href":"https:\/\/jms.com.bo\/mediamonitor\/wp-json\/wp\/v2\/comments?post=53631"}],"version-history":[{"count":1,"href":"https:\/\/jms.com.bo\/mediamonitor\/wp-json\/wp\/v2\/posts\/53631\/revisions"}],"predecessor-version":[{"id":53633,"href":"https:\/\/jms.com.bo\/mediamonitor\/wp-json\/wp\/v2\/posts\/53631\/revisions\/53633"}],"wp:featuredmedia":[{"embeddable":true,"href":"https:\/\/jms.com.bo\/mediamonitor\/wp-json\/wp\/v2\/media\/53632"}],"wp:attachment":[{"href":"https:\/\/jms.com.bo\/mediamonitor\/wp-json\/wp\/v2\/media?parent=53631"}],"wp:term":[{"taxonomy":"category","embeddable":true,"href":"https:\/\/jms.com.bo\/mediamonitor\/wp-json\/wp\/v2\/categories?post=53631"},{"taxonomy":"post_tag","embeddable":true,"href":"https:\/\/jms.com.bo\/mediamonitor\/wp-json\/wp\/v2\/tags?post=53631"}],"curies":[{"name":"wp","href":"https:\/\/api.w.org\/{rel}","templated":true}]}}