{"id":53641,"date":"2023-07-06T07:51:12","date_gmt":"2023-07-06T11:51:12","guid":{"rendered":"https:\/\/jms.com.bo\/mediamonitor\/2023\/07\/06\/como-avanza-el-proyecto-de-interconexion-electrica-peru-ecuador-y-cual-sera-su-impacto\/"},"modified":"2023-07-06T07:51:12","modified_gmt":"2023-07-06T11:51:12","slug":"como-avanza-el-proyecto-de-interconexion-electrica-peru-ecuador-y-cual-sera-su-impacto","status":"publish","type":"post","link":"https:\/\/jms.com.bo\/mediamonitor\/2023\/07\/06\/como-avanza-el-proyecto-de-interconexion-electrica-peru-ecuador-y-cual-sera-su-impacto\/","title":{"rendered":"\u00bfC\u00f3mo avanza el proyecto de interconexi\u00f3n el\u00e9ctrica Per\u00fa-Ecuador y cu\u00e1l ser\u00e1 su impacto?"},"content":{"rendered":"<p style=\"text-align: justify;\">Restan exactamente 26 d\u00edas para que la agencia ProInversi\u00f3n de Per\u00fa d\u00e9 a conocer al ganador de la licitaci\u00f3n para la construcci\u00f3n de la l\u00ednea de transmisi\u00f3n de 500 kilovoltios (kV) que conectar\u00e1 a ese pa\u00eds con Ecuador, con el que ya mantiene una conexi\u00f3n, pero que se hace insuficiente para atender la creciente demanda el\u00e9ctrica de ambas econom\u00edas.<\/p>\n<p style=\"text-align: justify;\">La informaci\u00f3n la entreg\u00f3 el viceministro de Electricidad de Per\u00fa, Jaime Luyo Kuong, al ser consultado por DFSUD sobre los avances del proyecto por parte de su pa\u00eds, toda vez que este proceso ha sufrido una serie de postergaciones, sobre todo en los \u00faltimos tres a\u00f1os.<\/p>\n<p style=\"text-align: justify;\">\u201cActualmente, Per\u00fa se encuentra en proceso de licitaci\u00f3n del proyecto L\u00ednea de Transmisi\u00f3n en 500 kV Piura Nueva &#8211; Frontera, cuya buena pro est\u00e1 programada para el 31 de julio del presente a\u00f1o\u201d, dijo la autoridad.<\/p>\n<p style=\"text-align: justify;\">Cabe recordar que este proyecto, para el cual se estima una inversi\u00f3n necesaria de US$ 217 millones, considera el dise\u00f1o, construcci\u00f3n, operaci\u00f3n y mantenimiento de la l\u00ednea de transmisi\u00f3n de 500 kV desde la Subestaci\u00f3n Piura hasta el punto de cruce de la frontera con Ecuador.<\/p>\n<p style=\"text-align: justify;\">Adem\u00e1s, incluye la ampliaci\u00f3n de la subestaci\u00f3n en Piura, a trav\u00e9s de una asociaci\u00f3n p\u00fablico-privada autofinanciada. Las estimaciones gubernamentales apuntan a que esta conexi\u00f3n beneficiar\u00eda a 1,1 millones de peruanos, pues su longitud aproximada es de 270,3 km, levemente menor a los 280 km que se estiman necesarios por el lado ecuatoriano.<\/p>\n<p style=\"text-align: justify;\">Los competidores<\/p>\n<p style=\"text-align: justify;\">Considerando lo anterior, a Per\u00fa le restar\u00eda anunciar al ganador de esta licitaci\u00f3n entre un reducido grupo de cuatro empresas que compiten, seg\u00fan los registros oficiales del Ministerio de Energ\u00eda y Minas (Minem).<\/p>\n<p style=\"text-align: justify;\">Se trata de Celeo Redes, una filial del espa\u00f1ol Grupo Celeo, dedicado al desarrollo, inversi\u00f3n y gesti\u00f3n de infraestructuras. En la regi\u00f3n, la compa\u00f1\u00eda, adem\u00e1s de Per\u00fa, participa activamente en el mercado brasile\u00f1o y chileno, siendo estos dos \u00faltimos los que concentran sobre el 85% de su inversi\u00f3n, seg\u00fan se lee en su p\u00e1gina web.<\/p>\n<p style=\"text-align: justify;\">El segundo competidor tambi\u00e9n es una filial de un grupo espa\u00f1ol: Cobra Per\u00fa, una empresa que en ese pa\u00eds est\u00e1 presente con sus tres l\u00edneas de negocio: redes, instalaci\u00f3n especializada y proyectos integrados. En la regi\u00f3n tiene desarrollos en 10 econom\u00edas.<\/p>\n<p style=\"text-align: justify;\">Interconexi\u00f3n El\u00e9ctrica, o mejor conocida como ISA, tambi\u00e9n participa del proceso. De origen colombiano y controlada por la estatal Ecopetrol, mantiene una fuerte presencia en Latinoam\u00e9rica y recientemente se adjudic\u00f3 uno de los m\u00e1s grandes proyectos de energ\u00eda subastados en Brasil.<\/p>\n<p style=\"text-align: justify;\">El cuarto concursante es Alupar Per\u00fa, el brazo del brasile\u00f1o Grupo Alupar Investimento. El core de su negocio, en tanto, est\u00e1 orientado a transmisi\u00f3n y generaci\u00f3n el\u00e9ctrica, siendo su pa\u00eds de origen el que concentra la mayor cantidad de desarrollos. En Colombia tambi\u00e9n tienen inversiones.<\/p>\n<p style=\"text-align: justify;\">Tras conocerse a fin de mes el adjudicatario de la obra, corresponde que la empresa dise\u00f1e, concrete su financiamiento y proceda a construir, para que, en un plazo estimado de 46 meses est\u00e9 listo para su puesta en operaci\u00f3n comercial, explic\u00f3, Luis Espinosa, exviceministro de Energ\u00eda de ese pa\u00eds.<\/p>\n<p style=\"text-align: justify;\">\u00bfY Ecuador?<\/p>\n<p style=\"text-align: justify;\">Por el lado ecuatoriano los avances han sido m\u00e1s lentos, pues en este caso es el Estado, a trav\u00e9s de la Corporaci\u00f3n El\u00e9ctrica del Ecuador (Celec EP), el que llevar\u00e1 a cabo el proyecto aunque la construcci\u00f3n de la obra s\u00ed estar\u00e1 en manos privadas para lo cual habr\u00e1 una licitaci\u00f3n internacional.<\/p>\n<p style=\"text-align: justify;\">Gonzalo Uquillas, gerente general de Celec EP, explic\u00f3 a este medio que la l\u00ednea conectar\u00e1 a la subestaci\u00f3n Chorrillos -que recibe la energ\u00eda el\u00e9ctrica producida por la central Coca Codo Sinclair- con la subestaci\u00f3n peruana de Piura.<\/p>\n<p style=\"text-align: justify;\">Para ello, se debe ampliar la subestaci\u00f3n Chorrillos y construir una nueva en la localidad de Pasaje.<\/p>\n<p style=\"text-align: justify;\">Para la ejecuci\u00f3n de este proyecto, la estatal contar\u00e1 con dos fuentes de financiamiento: los recursos provenientes de los contratos de pr\u00e9stamo suscritos con el Banco Interamericano de Desarrollo (BID) y otro con el Banco Europeo de Inversiones (BEI).<\/p>\n<p style=\"text-align: justify;\">Este \u00faltimo, dijo, est\u00e1 en fase final de negociaci\u00f3n por un total de US$ 250 millones que representan el 85,6% de la inversi\u00f3n del proyecto, mientras que el 14,34% restante proviene de recursos propios.<\/p>\n<p style=\"text-align: justify;\">Consultado por tiempos estimados, el alto ejecutivo explic\u00f3 que tras haber recibido la licencia ambiental por parte de la cartera de Medio Ambiente en mayo pasado, el siguiente paso es la firma del contrato de financiamiento con los organismos cuando concluya la negociaci\u00f3n, lo que estim\u00f3 podr\u00eda producirse entre agosto y septiembre pr\u00f3ximo.<\/p>\n<p style=\"text-align: justify;\">Hacia 2024, Uquillas coment\u00f3 que \u201clas obras del lado ecuatoriano se contratar\u00e1n a trav\u00e9s de licitaciones internacionales que se realizar\u00edan en febrero de ese a\u00f1o, con lo cual esperamos que las obras concluyan en mayo de 2027\u201d.<\/p>\n<p style=\"text-align: justify;\">Para el ejecutivo, esta interconexi\u00f3n da pie a que, en un mediano plazo, se avance en la construcci\u00f3n de un nuevo enlace entre las subestaciones Loja y La Avanzada, \u201cque mejorar\u00e1 la transferencia de energ\u00eda a Per\u00fa desde la central e\u00f3lica de Villonaco\u201d.<\/p>\n<p style=\"text-align: justify;\">Origen de la idea y su impacto<\/p>\n<p style=\"text-align: justify;\">El exviceministro Espinosa cont\u00f3 que este proyecto se fragu\u00f3 a partir de los acuerdos de paz entre ambos pa\u00edses en 1998, pero que no fue sino hasta 2012 cuando en una reuni\u00f3n presidencial se acord\u00f3 levantar una l\u00ednea de transmisi\u00f3n de 500 kV, que apoyara de cierta forma a la que ya estaba, pero cuya capacidad (220 kV) no daba abasto para satisfacer la demanda.<\/p>\n<p style=\"text-align: justify;\">Esto adquiere especial relevancia, explic\u00f3, si se considera que \u201cel sistema el\u00e9ctrico peruano ha construido toda una troncal de l\u00edneas de transmisi\u00f3n, porque b\u00e1sicamente la mayor oferta de generaci\u00f3n se encuentra en el centro del pa\u00eds, con las centrales hidr\u00e1ulicas y de gas natural, mientras que en el norte el abastecimiento es deficitario\u201d.<\/p>\n<p style=\"text-align: justify;\">Entonces, esto ayudar\u00e1 a que Per\u00fa pueda comprar energ\u00eda a Ecuador, que tiene excedentes hidr\u00e1ulicos en tiempos de sequ\u00eda en la otra econom\u00eda. \u201cEn el largo plazo esto mejorar\u00eda nuestro perfil de precios\u201d, remat\u00f3.<\/p>\n<p style=\"text-align: justify;\">En Ecuador, el beneficio asociado vendr\u00eda por las posibilidades de sacar adelante nuevos desarrollos conjuntos, coment\u00f3 Uquillas, quien se\u00f1al\u00f3 que el sistema de Interconexi\u00f3n El\u00e9ctrica es parte de un proyecto regional que tambi\u00e9n incluye a Colombia y a Chile, este \u00faltimo como pa\u00eds asociado.<\/p>\n<p style=\"text-align: justify;\">Con Colombia, desde 2003 est\u00e1n interconectados a trav\u00e9s de la subestaci\u00f3n Pimampiro en Ecuador.<\/p>\n","protected":false},"excerpt":{"rendered":"<p>Restan exactamente 26 d\u00edas para que la agencia ProInversi\u00f3n de Per\u00fa d\u00e9 a conocer al ganador de la licitaci\u00f3n para la construcci\u00f3n de la l\u00ednea de transmisi\u00f3n de 500 kilovoltios (kV) que conectar\u00e1 a ese pa\u00eds con Ecuador, con el que ya mantiene una conexi\u00f3n, pero que se hace insuficiente para atender la creciente demanda [&hellip;]<\/p>\n","protected":false},"author":4,"featured_media":53642,"comment_status":"open","ping_status":"closed","sticky":false,"template":"","format":"standard","meta":{"footnotes":""},"categories":[39,44,48],"tags":[],"class_list":{"0":"post-53641","1":"post","2":"type-post","3":"status-publish","4":"format-standard","5":"has-post-thumbnail","7":"category-energia","8":"category-portada-energia","9":"category-portada-general-sitio"},"_links":{"self":[{"href":"https:\/\/jms.com.bo\/mediamonitor\/wp-json\/wp\/v2\/posts\/53641","targetHints":{"allow":["GET"]}}],"collection":[{"href":"https:\/\/jms.com.bo\/mediamonitor\/wp-json\/wp\/v2\/posts"}],"about":[{"href":"https:\/\/jms.com.bo\/mediamonitor\/wp-json\/wp\/v2\/types\/post"}],"author":[{"embeddable":true,"href":"https:\/\/jms.com.bo\/mediamonitor\/wp-json\/wp\/v2\/users\/4"}],"replies":[{"embeddable":true,"href":"https:\/\/jms.com.bo\/mediamonitor\/wp-json\/wp\/v2\/comments?post=53641"}],"version-history":[{"count":0,"href":"https:\/\/jms.com.bo\/mediamonitor\/wp-json\/wp\/v2\/posts\/53641\/revisions"}],"wp:featuredmedia":[{"embeddable":true,"href":"https:\/\/jms.com.bo\/mediamonitor\/wp-json\/wp\/v2\/media\/53642"}],"wp:attachment":[{"href":"https:\/\/jms.com.bo\/mediamonitor\/wp-json\/wp\/v2\/media?parent=53641"}],"wp:term":[{"taxonomy":"category","embeddable":true,"href":"https:\/\/jms.com.bo\/mediamonitor\/wp-json\/wp\/v2\/categories?post=53641"},{"taxonomy":"post_tag","embeddable":true,"href":"https:\/\/jms.com.bo\/mediamonitor\/wp-json\/wp\/v2\/tags?post=53641"}],"curies":[{"name":"wp","href":"https:\/\/api.w.org\/{rel}","templated":true}]}}