{"id":54564,"date":"2023-07-20T05:54:56","date_gmt":"2023-07-20T09:54:56","guid":{"rendered":"https:\/\/jms.com.bo\/mediamonitor\/2023\/07\/20\/panificadores-de-tarija-en-emergencia-por-falta-de-reglamentacion-para-industrializar-hornos-de-lena\/"},"modified":"2023-07-20T05:54:56","modified_gmt":"2023-07-20T09:54:56","slug":"panificadores-de-tarija-en-emergencia-por-falta-de-reglamentacion-para-industrializar-hornos-de-lena","status":"publish","type":"post","link":"https:\/\/jms.com.bo\/mediamonitor\/2023\/07\/20\/panificadores-de-tarija-en-emergencia-por-falta-de-reglamentacion-para-industrializar-hornos-de-lena\/","title":{"rendered":"Panificadores de Tarija en emergencia por falta de reglamentaci\u00f3n para industrializar hornos de le\u00f1a"},"content":{"rendered":"<p style=\"text-align: justify;\">Los panaderos de Tarija se declararon en estado de emergencia tras la falta de avances en la reglamentaci\u00f3n para la industrializaci\u00f3n de los hornos de le\u00f1a en el departamento. El presidente de la asociaci\u00f3n de Panader\u00edas Virgen La Merced, Dilbert Flores, expres\u00f3 su preocupaci\u00f3n por la falta de acci\u00f3n de las autoridades de la Gobernaci\u00f3n, a pesar de que la Asamblea Departamental aprob\u00f3 la Ley N\u00ba160 de Transformaci\u00f3n de Hornos de Le\u00f1a a Hornos de Gas Natural hace m\u00e1s de 5 a\u00f1os.<\/p>\n<p style=\"text-align: justify;\">Esta ley ten\u00eda como objetivo impulsar la transici\u00f3n de los hornos de le\u00f1a a hornos de gas natural en todas las panader\u00edas del departamento, no solo para reducir costos para los panaderos, sino tambi\u00e9n para preservar el medio ambiente.<\/p>\n<p style=\"text-align: justify;\">Flores destac\u00f3 que el uso de le\u00f1a para los hornos representa un gasto significativo para los panaderos, ya que una camionada de le\u00f1a puede costar entre 1.500 a 1.600 bolivianos, y se necesitan alrededor de 4 camionadas al mes, lo que implica un costo mensual de m\u00e1s de 6.000 bolivianos.<\/p>\n<p style=\"text-align: justify;\">Dilbert, en representaci\u00f3n de los panaderos, hace un llamado a las autoridades para que tomen acciones concretas y agilicen la reglamentaci\u00f3n de esta ley, con el fin de impulsar la industrializaci\u00f3n de los hornos de le\u00f1a y garantizar beneficios econ\u00f3micos y ambientales para los panaderos del departamento.<\/p>\n","protected":false},"excerpt":{"rendered":"<p>Los panaderos de Tarija se declararon en estado de emergencia tras la falta de avances en la reglamentaci\u00f3n para la industrializaci\u00f3n de los hornos de le\u00f1a en el departamento. El presidente de la asociaci\u00f3n de Panader\u00edas Virgen La Merced, Dilbert Flores, expres\u00f3 su preocupaci\u00f3n por la falta de acci\u00f3n de las autoridades de la Gobernaci\u00f3n, [&hellip;]<\/p>\n","protected":false},"author":4,"featured_media":54565,"comment_status":"open","ping_status":"closed","sticky":false,"template":"","format":"standard","meta":{"footnotes":""},"categories":[49],"tags":[],"class_list":{"0":"post-54564","1":"post","2":"type-post","3":"status-publish","4":"format-standard","5":"has-post-thumbnail","7":"category-social"},"_links":{"self":[{"href":"https:\/\/jms.com.bo\/mediamonitor\/wp-json\/wp\/v2\/posts\/54564","targetHints":{"allow":["GET"]}}],"collection":[{"href":"https:\/\/jms.com.bo\/mediamonitor\/wp-json\/wp\/v2\/posts"}],"about":[{"href":"https:\/\/jms.com.bo\/mediamonitor\/wp-json\/wp\/v2\/types\/post"}],"author":[{"embeddable":true,"href":"https:\/\/jms.com.bo\/mediamonitor\/wp-json\/wp\/v2\/users\/4"}],"replies":[{"embeddable":true,"href":"https:\/\/jms.com.bo\/mediamonitor\/wp-json\/wp\/v2\/comments?post=54564"}],"version-history":[{"count":0,"href":"https:\/\/jms.com.bo\/mediamonitor\/wp-json\/wp\/v2\/posts\/54564\/revisions"}],"wp:featuredmedia":[{"embeddable":true,"href":"https:\/\/jms.com.bo\/mediamonitor\/wp-json\/wp\/v2\/media\/54565"}],"wp:attachment":[{"href":"https:\/\/jms.com.bo\/mediamonitor\/wp-json\/wp\/v2\/media?parent=54564"}],"wp:term":[{"taxonomy":"category","embeddable":true,"href":"https:\/\/jms.com.bo\/mediamonitor\/wp-json\/wp\/v2\/categories?post=54564"},{"taxonomy":"post_tag","embeddable":true,"href":"https:\/\/jms.com.bo\/mediamonitor\/wp-json\/wp\/v2\/tags?post=54564"}],"curies":[{"name":"wp","href":"https:\/\/api.w.org\/{rel}","templated":true}]}}