{"id":54566,"date":"2023-07-20T05:56:43","date_gmt":"2023-07-20T09:56:43","guid":{"rendered":"https:\/\/jms.com.bo\/mediamonitor\/2023\/07\/20\/declaran-cuatro-intermedio-en-el-bloqueo-de-guarayos-hasta-el-27-de-julio\/"},"modified":"2023-07-20T05:56:43","modified_gmt":"2023-07-20T09:56:43","slug":"declaran-cuatro-intermedio-en-el-bloqueo-de-guarayos-hasta-el-27-de-julio","status":"publish","type":"post","link":"https:\/\/jms.com.bo\/mediamonitor\/2023\/07\/20\/declaran-cuatro-intermedio-en-el-bloqueo-de-guarayos-hasta-el-27-de-julio\/","title":{"rendered":"Declaran cuatro intermedio en el bloqueo de Guarayos, hasta el 27 de julio"},"content":{"rendered":"<p style=\"text-align: justify;\">Los productores agropecuarios de la provincia Guarayos, que bloquearon la carretera Santa Cruz-Trinidad -a la altura de San Pablo de Guarayos, a 12 kil\u00f3metros de Ascensi\u00f3n-, desde las cero horas de este mi\u00e9rcoles, decidieron declarar cuarto intermedio en la medida hasta el pr\u00f3ximo jueves 27.<\/p>\n<p style=\"text-align: justify;\">Los productores tomaron tal determinaci\u00f3n, luego de recibir el compromiso del ministro del ramo de atenderlos en audiencia, el 27 de julio en Santa Cruz; en esa oportunidad le plantear\u00e1n sus peticiones, como la construcci\u00f3n de silos para el almacenamiento y el tratamiento de sus granos y las deudas con la empresa estatal Emapa.<\/p>\n<p style=\"text-align: justify;\">Ramiro P\u00e9rez, ejecutivo del sector, mencion\u00f3 que el cuarto intermedio y el estado de emergencia se mantendr\u00e1n, pero si el 27 sus peticiones no son escuchadas, reeditar\u00e1n la medida con mayor intensidad.<\/p>\n<p style=\"text-align: justify;\">\u00abEstamos siendo discriminados por el Gobierno, a pesar de que somos el mayor productor de granos de la zona, garantizando la seguridad alimenticia del departamento y del pa\u00eds; no contamos con silos para el tratamiento de nuestras cosechas, (de ma\u00edz y arroz)\u00bb, indic\u00f3 P\u00e9rez.<\/p>\n<p style=\"text-align: justify;\">\u00abHemos estado peregrinando con nuestros granos, primero a San Juli\u00e1n y despu\u00e9s al Beni\u00bb a\u00f1adi\u00f3 el dirigente.<\/p>\n","protected":false},"excerpt":{"rendered":"<p>Los productores agropecuarios de la provincia Guarayos, que bloquearon la carretera Santa Cruz-Trinidad -a la altura de San Pablo de Guarayos, a 12 kil\u00f3metros de Ascensi\u00f3n-, desde las cero horas de este mi\u00e9rcoles, decidieron declarar cuarto intermedio en la medida hasta el pr\u00f3ximo jueves 27. Los productores tomaron tal determinaci\u00f3n, luego de recibir el compromiso [&hellip;]<\/p>\n","protected":false},"author":4,"featured_media":54567,"comment_status":"open","ping_status":"closed","sticky":false,"template":"","format":"standard","meta":{"footnotes":""},"categories":[49],"tags":[],"class_list":{"0":"post-54566","1":"post","2":"type-post","3":"status-publish","4":"format-standard","5":"has-post-thumbnail","7":"category-social"},"_links":{"self":[{"href":"https:\/\/jms.com.bo\/mediamonitor\/wp-json\/wp\/v2\/posts\/54566","targetHints":{"allow":["GET"]}}],"collection":[{"href":"https:\/\/jms.com.bo\/mediamonitor\/wp-json\/wp\/v2\/posts"}],"about":[{"href":"https:\/\/jms.com.bo\/mediamonitor\/wp-json\/wp\/v2\/types\/post"}],"author":[{"embeddable":true,"href":"https:\/\/jms.com.bo\/mediamonitor\/wp-json\/wp\/v2\/users\/4"}],"replies":[{"embeddable":true,"href":"https:\/\/jms.com.bo\/mediamonitor\/wp-json\/wp\/v2\/comments?post=54566"}],"version-history":[{"count":0,"href":"https:\/\/jms.com.bo\/mediamonitor\/wp-json\/wp\/v2\/posts\/54566\/revisions"}],"wp:featuredmedia":[{"embeddable":true,"href":"https:\/\/jms.com.bo\/mediamonitor\/wp-json\/wp\/v2\/media\/54567"}],"wp:attachment":[{"href":"https:\/\/jms.com.bo\/mediamonitor\/wp-json\/wp\/v2\/media?parent=54566"}],"wp:term":[{"taxonomy":"category","embeddable":true,"href":"https:\/\/jms.com.bo\/mediamonitor\/wp-json\/wp\/v2\/categories?post=54566"},{"taxonomy":"post_tag","embeddable":true,"href":"https:\/\/jms.com.bo\/mediamonitor\/wp-json\/wp\/v2\/tags?post=54566"}],"curies":[{"name":"wp","href":"https:\/\/api.w.org\/{rel}","templated":true}]}}