{"id":54568,"date":"2023-07-20T05:58:17","date_gmt":"2023-07-20T09:58:17","guid":{"rendered":"https:\/\/jms.com.bo\/mediamonitor\/2023\/07\/20\/civicos-del-chaco-anuncian-paro-por-6-obras-camineras\/"},"modified":"2023-07-20T05:58:17","modified_gmt":"2023-07-20T09:58:17","slug":"civicos-del-chaco-anuncian-paro-por-6-obras-camineras","status":"publish","type":"post","link":"https:\/\/jms.com.bo\/mediamonitor\/2023\/07\/20\/civicos-del-chaco-anuncian-paro-por-6-obras-camineras\/","title":{"rendered":"C\u00edvicos del Chaco anuncian paro por 6 obras camineras"},"content":{"rendered":"<p style=\"text-align: justify;\">El Comit\u00e9 C\u00edvico Regional ha dado un ultim\u00e1tum a las autoridades del Gobierno nacional, para que se hagan presentes en la ciudad de Yacuiba el d\u00eda 28 de julio. El objetivo de este encuentro es tratar la situaci\u00f3n de seis proyectos camineros que se ejecutan en la Regi\u00f3n Aut\u00f3noma del Chaco. De no obtener una respuesta, la dirigencia c\u00edvica advirti\u00f3 con iniciar una movilizaci\u00f3n con el bloqueo de carreteras de manera indefinida a partir del 31 de julio.<\/p>\n<p style=\"text-align: justify;\">La decisi\u00f3n ha sido asumida por el Comit\u00e9 C\u00edvico Regional, la Federaci\u00f3n del Autotransporte \u201c10 de Noviembre\u201d de Yacuiba, con el respaldo de instituciones y organizaciones de los municipios de Yacuiba, Carapar\u00ed y Villa Montes, esto ante la ausencia del ministro de Obras P\u00fablicas, Edgar Monta\u00f1o, del viceministro de Transporte, Wilfredo Guti\u00e9rrez y el presidente de la Administradora Boliviana de Carreteras (ABC), Henry Nina, en la reuni\u00f3n convocada el pasado 17 de julio.<\/p>\n<p style=\"text-align: justify;\">El vicepresidente del Comit\u00e9 C\u00edvico Regional, Ra\u00fal Hilari\u00f3n, detall\u00f3 que, mediante un voto resolutivo, las instituciones del Chaco han determinado de manera un\u00e1nime convocar nuevamente a los ministros de Obras P\u00fablicas, Medio Ambiente y Planificaci\u00f3n, viceministro de Transporte, adem\u00e1s de los representantes de la ABC y el Servicio Nacional de \u00c1reas Protegidas (Sernap).<\/p>\n<p style=\"text-align: justify;\">Doble v\u00eda Seg\u00fan informaci\u00f3n de la ABC, el proyecto de 3,7km de la doble v\u00eda Yacuiba-Campo Pajoso debe entregarse de manera definitiva hasta octubre de este a\u00f1o<br \/>\nAl encuentro del 28 de julio, tambi\u00e9n se ha convocado a la Asamblea Regional del Chaco, Gobierno Regional, y a los ejecutivos seccionales de Villa Montes y Carapar\u00ed<\/p>\n<p style=\"text-align: justify;\">\u201cLa reuni\u00f3n tiene como finalidad dar soluci\u00f3n definitiva y garantizar los compromisos por escrito respecto al cumplimiento de los plazos de conclusi\u00f3n de proyectos en ejecuci\u00f3n, el reinicio de proyectos paralizados y el inicio de la construcci\u00f3n de proyectos carreteros pendientes de la Red Fundamental en la Regi\u00f3n Aut\u00f3noma del Gran Chaco\u201d, se\u00f1al\u00f3 Hilari\u00f3n.<\/p>\n<p style=\"text-align: justify;\">La lista de proyectos<\/p>\n<p style=\"text-align: justify;\">El pliego petitorio planteado por el Comit\u00e9 C\u00edvico Regional detalla los proyectos que se est\u00e1n ejecutando y los que ha comprometido el Gobierno Nacional, entre ellos, piden la conclusi\u00f3n del estudio del t\u00fanel del Aguarag\u00fce de manera inmediata, garantizar el financiamiento del 100% y fijar fecha de inicio de la construcci\u00f3n de esta obra.<\/p>\n<p style=\"text-align: justify;\">Otra de las exigencias, es la licitaci\u00f3n, contrataci\u00f3n e inicio de la conclusi\u00f3n del tramo carretero Choere-Acheral (Carapar\u00ed) en la primera quincena de noviembre de 2023.<\/p>\n<p style=\"text-align: justify;\">En lo que respecta al proyecto de la doble v\u00eda Yacuiba-Campo Pajoso, los c\u00edvicos exigen a la ABC y EBC que se cumpla el plazo establecido para la entrega definitiva fijada para octubre del presente a\u00f1o.<\/p>\n<p style=\"text-align: justify;\">Asimismo, demandan la conclusi\u00f3n y socializaci\u00f3n del estudio a dise\u00f1o final de la doble v\u00eda Yacuiba-Campo Pajoso Fase II en la primera quincena de agosto de 2023. Adem\u00e1s de garantizar el financiamiento e inicio de la construcci\u00f3n de la doble v\u00eda Yacuiba-Campo Pajoso Fase II una vez concluido la Fase I. En esa misma l\u00ednea, piden realizar la conclusi\u00f3n y socializaci\u00f3n del estudio a dise\u00f1o final de la doble v\u00eda Villa Montes \u2013 Campo Pajoso (Yacuiba) en la presente gesti\u00f3n 2023.<\/p>\n<p style=\"text-align: justify;\">Otras de las demandas, es el reinicio de la construcci\u00f3n del tramo carretero Isiri-La Central en el municipio de Villa Montes, el plazo establecido es hasta el mes de agosto.<\/p>\n<p style=\"text-align: justify;\">Tambi\u00e9n exigen al Gobierno garantizar la conclusi\u00f3n del tramo carretero La Vertiente-Palo Marcado, situado en el municipio de Villa Montes, esto en el marco de los plazos establecidos de acuerdo a contrato.<\/p>\n<p style=\"text-align: justify;\">La ABC<\/p>\n<p style=\"text-align: justify;\">El gerente de la ABC regional Tarija, Marco Ortiz, en d\u00edas pasados, cuestionaba la actitud de la dirigencia c\u00edvica, a la que sindicaba por generar desinformaci\u00f3n.<\/p>\n<p style=\"text-align: justify;\">Ortiz explic\u00f3 que en el caso del proyecto Choere-Acheral, tras la recisi\u00f3n de contrato con Convisa, ya se ha ejecutado la planilla de cierre, la actualizaci\u00f3n del proyecto, adem\u00e1s de enviar los nuevos t\u00e9rminos de referencia a Fonplata para su no objeci\u00f3n y se prev\u00e9 licitarlo a fin de mes.<\/p>\n<p style=\"text-align: justify;\">La autoridad evit\u00f3 precisar cu\u00e1nto falta para la conclusi\u00f3n de este proyecto, sin embargo, enfatiz\u00f3 que se est\u00e1 ejecutando las boletas de garant\u00eda, con lo que prev\u00e9n disponer de siete millones de bolivianos para esta obra, a esto se suma el saldo del financiador (Fonplata).<\/p>\n<p style=\"text-align: justify;\">En cuanto a la doble v\u00eda Yacuiba-Campo Pajoso, Ortiz asegur\u00f3 que la obra registra un avance f\u00edsico del 40%, que actualmente los trabajos se vienen ejecutando con normalidad, aunque reconoci\u00f3 que hubo una desaceleraci\u00f3n, esto debido a la falta de recursos que debe garantizar el Gobierno Regional, lo que no ha podido ser posible, debido a que la Asamblea Regional de Chaco debe actualizar la Disposici\u00f3n de Normativa Regional (Dinore).<\/p>\n","protected":false},"excerpt":{"rendered":"<p>El Comit\u00e9 C\u00edvico Regional ha dado un ultim\u00e1tum a las autoridades del Gobierno nacional, para que se hagan presentes en la ciudad de Yacuiba el d\u00eda 28 de julio. El objetivo de este encuentro es tratar la situaci\u00f3n de seis proyectos camineros que se ejecutan en la Regi\u00f3n Aut\u00f3noma del Chaco. De no obtener una [&hellip;]<\/p>\n","protected":false},"author":4,"featured_media":54569,"comment_status":"open","ping_status":"closed","sticky":false,"template":"","format":"standard","meta":{"footnotes":""},"categories":[49],"tags":[],"class_list":{"0":"post-54568","1":"post","2":"type-post","3":"status-publish","4":"format-standard","5":"has-post-thumbnail","7":"category-social"},"_links":{"self":[{"href":"https:\/\/jms.com.bo\/mediamonitor\/wp-json\/wp\/v2\/posts\/54568","targetHints":{"allow":["GET"]}}],"collection":[{"href":"https:\/\/jms.com.bo\/mediamonitor\/wp-json\/wp\/v2\/posts"}],"about":[{"href":"https:\/\/jms.com.bo\/mediamonitor\/wp-json\/wp\/v2\/types\/post"}],"author":[{"embeddable":true,"href":"https:\/\/jms.com.bo\/mediamonitor\/wp-json\/wp\/v2\/users\/4"}],"replies":[{"embeddable":true,"href":"https:\/\/jms.com.bo\/mediamonitor\/wp-json\/wp\/v2\/comments?post=54568"}],"version-history":[{"count":0,"href":"https:\/\/jms.com.bo\/mediamonitor\/wp-json\/wp\/v2\/posts\/54568\/revisions"}],"wp:featuredmedia":[{"embeddable":true,"href":"https:\/\/jms.com.bo\/mediamonitor\/wp-json\/wp\/v2\/media\/54569"}],"wp:attachment":[{"href":"https:\/\/jms.com.bo\/mediamonitor\/wp-json\/wp\/v2\/media?parent=54568"}],"wp:term":[{"taxonomy":"category","embeddable":true,"href":"https:\/\/jms.com.bo\/mediamonitor\/wp-json\/wp\/v2\/categories?post=54568"},{"taxonomy":"post_tag","embeddable":true,"href":"https:\/\/jms.com.bo\/mediamonitor\/wp-json\/wp\/v2\/tags?post=54568"}],"curies":[{"name":"wp","href":"https:\/\/api.w.org\/{rel}","templated":true}]}}