{"id":54574,"date":"2023-07-20T06:02:58","date_gmt":"2023-07-20T10:02:58","guid":{"rendered":"https:\/\/jms.com.bo\/mediamonitor\/2023\/07\/20\/cooperativas-piden-apoyo-estatal-para-dejar-de-utilizar-mercurio\/"},"modified":"2023-07-20T06:02:58","modified_gmt":"2023-07-20T10:02:58","slug":"cooperativas-piden-apoyo-estatal-para-dejar-de-utilizar-mercurio","status":"publish","type":"post","link":"https:\/\/jms.com.bo\/mediamonitor\/2023\/07\/20\/cooperativas-piden-apoyo-estatal-para-dejar-de-utilizar-mercurio\/","title":{"rendered":"Cooperativas piden apoyo estatal para dejar de utilizar mercurio"},"content":{"rendered":"<p style=\"text-align: justify;\">Las cooperativas aur\u00edferas del norte de La Paz, responsables de la mayor parte de la producci\u00f3n de oro del pa\u00eds, se comprometieron a dejar de usar mercurio en sus operaciones si reciben apoyo estatal para la migraci\u00f3n a tecnolog\u00edas m\u00e1s amigables con el medio ambiente. El Gobierno sostuvo que el sector cooperativo est\u00e1 en condiciones de adquirir estos equipos y confirm\u00f3 que el \u201ccontrol\u201d a la miner\u00eda ilegal continuar\u00e1.<\/p>\n<p style=\"text-align: justify;\">\u201cSi van a existir programas, tecnolog\u00edas (&#8230;) para mitigaci\u00f3n del medio ambiente, nosotros estamos muy abiertos para cambiar de mecanismo de trabajo y dejar de lado el mercurio\u201d, inform\u00f3 Ramiro Balmaceda, presidente de la Federaci\u00f3n Regional de Cooperativas Mineras del Norte de La Paz (Fecoman).<\/p>\n<p style=\"text-align: justify;\">\u201cObviamente, debemos trabajar de manera coordinada con el Gobierno para que se puedan implementar estas nuevas tecnolog\u00edas\u201d, remarc\u00f3 el dirigente.<\/p>\n<p style=\"text-align: justify;\">Balmaceda realiz\u00f3 estas declaraciones luego de un operativo de magnitud contra la miner\u00eda ilegal en el R\u00edo Madre de Dios y despu\u00e9s de que el ministro de Miner\u00eda y Metalurgia, Marcelino Quispe, indicara que existen ya en el mercado nacional tecnolog\u00edas que reemplazan al mercurio en la explotaci\u00f3n aur\u00edfera o pueden reducir su uso significativamente, como sistemas de recirculaci\u00f3n o centrifugadoras, entre otros disponibles, seg\u00fan el volumen de producci\u00f3n del operador minero.<\/p>\n<p style=\"text-align: justify;\">Sin embargo, sobre la posibilidad de apoyo crediticio estatal para esta migraci\u00f3n, Quispe subray\u00f3 que las cooperativas pueden adquirir estos equipos\u201c con suma facilidad\u201d, ya que su costo oscila entre los $us 10.000 y 18.000.<\/p>\n<p style=\"text-align: justify;\">De acuerdo con datos oficiales, las cooperativas producen el 99,5% del oro de Bolivia, un metal que en 2022 alcanz\u00f3 un valor de exportaci\u00f3n de $us 3.073 millones y por el que se pag\u00f3 solo $us 63,2 millones de regal\u00edas.<\/p>\n<p style=\"text-align: justify;\">\u201cQueremos coordinar aspectos con relaci\u00f3n a nuestro sector, pero eso no vemos en muchos aspectos que el Gobierno va implementando\u201d, sostuvo Balmaceda.<\/p>\n<p style=\"text-align: justify;\">La senadora Cecilia Requena consider\u00f3 que, adem\u00e1s de no pagar impuestos, de contratar trabajadores de manera ilegal y de pagar \u201cregal\u00edas miserables\u201d, los mineros aur\u00edferos \u201cpresionan para que no se les haga nada\u201d.<\/p>\n<p style=\"text-align: justify;\">En el caso de la venta de oro al Estado, \u201cni siquiera quieren abrir una cuenta bancaria para que el BCB les pague\u201d, sostuvo la legisladora, antes de lamentar \u201cel nivel de informalidad que trata de imponer\u201d ese sector.<\/p>\n<p style=\"text-align: justify;\">Los \u00faltimos datos oficiales sobre la cantidad de cooperativistas mineros que hay en Bolivia son de 2021 e indican que ese sector contaba con 135.436 trabajadores (en operaciones aur\u00edferas, principalmente). En comparaci\u00f3n, el sector estatal minero ten\u00eda 6.029 obreros en 2020, la miner\u00eda mediana 4.709 y la miner\u00eda chica 1.986.<\/p>\n<p style=\"text-align: justify;\">Para Requena, este fen\u00f3meno, promovido durante el gobierno de Evo Morales, ya se le escapa de las manos a la administraci\u00f3n de Luis Arce, ya que son cada vez m\u00e1s notorios los impactos negativos e irreversibles que el uso de mercurio en la miner\u00eda aur\u00edfera provoca en la poblaci\u00f3n, en los animales, en la tierra y en el agua.<\/p>\n<p style=\"text-align: justify;\">El ministro de Miner\u00eda reiter\u00f3 que la producci\u00f3n de oro \u201ces una actividad muy importante para la subsistencia de muchas familias y para el movimiento econ\u00f3mico que se genera en el pa\u00eds con el ingreso de divisas\u201d.<\/p>\n<p style=\"text-align: justify;\">En ese marco, insisti\u00f3 en que se realiza un trabajo de concientizaci\u00f3n para dejar atr\u00e1s el uso de mercurio. Adem\u00e1s, destac\u00f3, los contratos que firman las cooperativas para la b\u00fasqueda de oro en \u00e1reas de la Comibol establecen la nulidad de esos derechos si se comprueba el uso de mercurio.<\/p>\n<p style=\"text-align: justify;\">En cualquier caso, \u201cse va a continuar controlando las actividades mineras en todo el pa\u00eds\u201d, apunt\u00f3.<\/p>\n<p style=\"text-align: justify;\">Balmaceda record\u00f3 que el sector cooperativo est\u00e1 \u201cen estado de emergencia\u201d. \u201cNo vaya a ser que, en otros sectores, a t\u00edtulo de miner\u00eda ilegal o del tema del medioambiente, se vean afectadas nuestras cooperativas (&#8230;). No lo vamos a permitir\u201d, remarc\u00f3.<\/p>\n<p style=\"text-align: justify;\">\u201cSeguramente vamos a tener otros lugares para seguir interviniendo. Vamos a verificar si tienen licencias o derecho minero y se reportar\u00e1 oportunamente a la fuerza p\u00fablica\u201d, afirm\u00f3 a su vez el ministro de Medio Ambiente y Agua, Rub\u00e9n M\u00e9ndez, seg\u00fan declaraciones recogidas por ABI.<\/p>\n<p style=\"text-align: justify;\">\u201cNosotros no estamos rehuyendo alguna responsabilidad. Si existen responsabilidades las vamos a asumir\u201d, sostuvo Balmaceda.<\/p>\n<p style=\"text-align: justify;\">No obstante, mencion\u00f3, al no haber sido parte de los estudios que identifican los efectos t\u00f3xicos del mercurio en poblaciones aleda\u00f1as a sus operaciones, Fecoman exige conocer los muestreos de estas investigaciones que responsabilizan a las cooperativas por la contaminaci\u00f3n. \u201cSi bien nosotros trabajamos con el mercurio, hay que ver cu\u00e1les ser\u00edan los reportes reales\u201d, dijo.<\/p>\n","protected":false},"excerpt":{"rendered":"<p>Las cooperativas aur\u00edferas del norte de La Paz, responsables de la mayor parte de la producci\u00f3n de oro del pa\u00eds, se comprometieron a dejar de usar mercurio en sus operaciones si reciben apoyo estatal para la migraci\u00f3n a tecnolog\u00edas m\u00e1s amigables con el medio ambiente. El Gobierno sostuvo que el sector cooperativo est\u00e1 en condiciones [&hellip;]<\/p>\n","protected":false},"author":4,"featured_media":54575,"comment_status":"open","ping_status":"closed","sticky":false,"template":"","format":"standard","meta":{"footnotes":""},"categories":[20,47,48],"tags":[],"class_list":{"0":"post-54574","1":"post","2":"type-post","3":"status-publish","4":"format-standard","5":"has-post-thumbnail","7":"category-actualidad","8":"category-portada-actualidad","9":"category-portada-general-sitio"},"_links":{"self":[{"href":"https:\/\/jms.com.bo\/mediamonitor\/wp-json\/wp\/v2\/posts\/54574","targetHints":{"allow":["GET"]}}],"collection":[{"href":"https:\/\/jms.com.bo\/mediamonitor\/wp-json\/wp\/v2\/posts"}],"about":[{"href":"https:\/\/jms.com.bo\/mediamonitor\/wp-json\/wp\/v2\/types\/post"}],"author":[{"embeddable":true,"href":"https:\/\/jms.com.bo\/mediamonitor\/wp-json\/wp\/v2\/users\/4"}],"replies":[{"embeddable":true,"href":"https:\/\/jms.com.bo\/mediamonitor\/wp-json\/wp\/v2\/comments?post=54574"}],"version-history":[{"count":0,"href":"https:\/\/jms.com.bo\/mediamonitor\/wp-json\/wp\/v2\/posts\/54574\/revisions"}],"wp:featuredmedia":[{"embeddable":true,"href":"https:\/\/jms.com.bo\/mediamonitor\/wp-json\/wp\/v2\/media\/54575"}],"wp:attachment":[{"href":"https:\/\/jms.com.bo\/mediamonitor\/wp-json\/wp\/v2\/media?parent=54574"}],"wp:term":[{"taxonomy":"category","embeddable":true,"href":"https:\/\/jms.com.bo\/mediamonitor\/wp-json\/wp\/v2\/categories?post=54574"},{"taxonomy":"post_tag","embeddable":true,"href":"https:\/\/jms.com.bo\/mediamonitor\/wp-json\/wp\/v2\/tags?post=54574"}],"curies":[{"name":"wp","href":"https:\/\/api.w.org\/{rel}","templated":true}]}}