{"id":54576,"date":"2023-07-20T06:04:38","date_gmt":"2023-07-20T10:04:38","guid":{"rendered":"https:\/\/jms.com.bo\/mediamonitor\/2023\/07\/20\/reaparece-camacho-con-senales-de-deterioro-fisico\/"},"modified":"2023-07-20T06:04:38","modified_gmt":"2023-07-20T10:04:38","slug":"reaparece-camacho-con-senales-de-deterioro-fisico","status":"publish","type":"post","link":"https:\/\/jms.com.bo\/mediamonitor\/2023\/07\/20\/reaparece-camacho-con-senales-de-deterioro-fisico\/","title":{"rendered":"Reaparece Camacho con se\u00f1ales de deterioro f\u00edsico"},"content":{"rendered":"<p style=\"text-align: justify;\">El gobernador de Santa Cruz, Luis Fernando Camacho, reapareci\u00f3 p\u00fablicamente mientras sosten\u00eda una audiencia judicial en la cual buscaba su libertad. Las im\u00e1genes de la sesi\u00f3n virtual muestran a la autoridad visiblemente demacrada y con evidentes se\u00f1ales de deterioro. El juez neg\u00f3 los argumentos que interpuso \u00e9l junto a su defensa y ratific\u00f3 que debe permanecer detenido en el penal de Chonchocoro, en el departamento de La Paz.<\/p>\n<p style=\"text-align: justify;\">Camacho aparece luciendo la banda de gobernador de Santa Cruz. Viste una polera oscura de cuello alto, el pelo crecido, los p\u00f3mulos planos y los ojos hundidos. Es una imagen notoriamente distinta de la que proyectaba el l\u00edder de Creemos antes de su aprehensi\u00f3n, el pasado 28 de diciembre de 2022.<\/p>\n<p style=\"text-align: justify;\">\u00abUn hecho que nunca fue un golpe de Estado. Un hecho que fue un movimiento transparente y ciudadano y del que no me arrepiento, ni me voy a arrepentir nunca de haber estado junto a mi pueblo para conseguir la recuperaci\u00f3n de una democracia. Si el precio estar ac\u00e1, yo lo estoy asumiendo\u201d, asever\u00f3 Camacho en su intervenci\u00f3n ante el juez.<\/p>\n<p style=\"text-align: justify;\">A la postre, el Juzgado Primero Anticorrupci\u00f3n de La Paz declar\u00f3 infundados los cinco incidentes planteados por la defensa de Camacho. De esta manera, se ratific\u00f3 su detenci\u00f3n preventiva en Chonchocoro, dentro del proceso denominado Golpe De Estado I.<\/p>\n<p style=\"text-align: justify;\">Reacciones ante el deterioro<\/p>\n<p style=\"text-align: justify;\">El asesor de Gesti\u00f3n Institucional de la Gobernaci\u00f3n cruce\u00f1a, Efra\u00edn Su\u00e1rez, se refiri\u00f3 al estado del gobernador. \u201cSiempre se exigi\u00f3 una evaluaci\u00f3n m\u00e9dica en un centro especializado y \u00e9sta siempre se neg\u00f3\u201d, dijo. Se\u00f1al\u00f3 que permanece aislado, \u201csin posibilidad de salir a un patio y sin posibilidades de desarrollar cierta actividad f\u00edsica que le permita mejorar su salud\u201d.<\/p>\n<p style=\"text-align: justify;\">En las redes sociales las reacciones en torno a la imagen demacrada del gobernador cruce\u00f1o no se hicieron esperar. \u201cYa quisieran tener la mitad de tu fortaleza, Luis Fernando Camacho\u201d, escribi\u00f3 en Facebook el presidente de la Asamblea Legislativa Departamental, Zvonko Matkovic. En otro post, rescat\u00f3 la frase dicha por Camacho ayer mi\u00e9rcoles: \u201ccuando la justicia divina llega, no hay embajada donde esconderse\u201d.<\/p>\n","protected":false},"excerpt":{"rendered":"<p>El gobernador de Santa Cruz, Luis Fernando Camacho, reapareci\u00f3 p\u00fablicamente mientras sosten\u00eda una audiencia judicial en la cual buscaba su libertad. Las im\u00e1genes de la sesi\u00f3n virtual muestran a la autoridad visiblemente demacrada y con evidentes se\u00f1ales de deterioro. El juez neg\u00f3 los argumentos que interpuso \u00e9l junto a su defensa y ratific\u00f3 que debe [&hellip;]<\/p>\n","protected":false},"author":4,"featured_media":54577,"comment_status":"open","ping_status":"closed","sticky":false,"template":"","format":"standard","meta":{"footnotes":""},"categories":[18],"tags":[],"class_list":{"0":"post-54576","1":"post","2":"type-post","3":"status-publish","4":"format-standard","5":"has-post-thumbnail","7":"category-politica"},"_links":{"self":[{"href":"https:\/\/jms.com.bo\/mediamonitor\/wp-json\/wp\/v2\/posts\/54576","targetHints":{"allow":["GET"]}}],"collection":[{"href":"https:\/\/jms.com.bo\/mediamonitor\/wp-json\/wp\/v2\/posts"}],"about":[{"href":"https:\/\/jms.com.bo\/mediamonitor\/wp-json\/wp\/v2\/types\/post"}],"author":[{"embeddable":true,"href":"https:\/\/jms.com.bo\/mediamonitor\/wp-json\/wp\/v2\/users\/4"}],"replies":[{"embeddable":true,"href":"https:\/\/jms.com.bo\/mediamonitor\/wp-json\/wp\/v2\/comments?post=54576"}],"version-history":[{"count":0,"href":"https:\/\/jms.com.bo\/mediamonitor\/wp-json\/wp\/v2\/posts\/54576\/revisions"}],"wp:featuredmedia":[{"embeddable":true,"href":"https:\/\/jms.com.bo\/mediamonitor\/wp-json\/wp\/v2\/media\/54577"}],"wp:attachment":[{"href":"https:\/\/jms.com.bo\/mediamonitor\/wp-json\/wp\/v2\/media?parent=54576"}],"wp:term":[{"taxonomy":"category","embeddable":true,"href":"https:\/\/jms.com.bo\/mediamonitor\/wp-json\/wp\/v2\/categories?post=54576"},{"taxonomy":"post_tag","embeddable":true,"href":"https:\/\/jms.com.bo\/mediamonitor\/wp-json\/wp\/v2\/tags?post=54576"}],"curies":[{"name":"wp","href":"https:\/\/api.w.org\/{rel}","templated":true}]}}