{"id":54580,"date":"2023-07-20T06:07:24","date_gmt":"2023-07-20T10:07:24","guid":{"rendered":"https:\/\/jms.com.bo\/mediamonitor\/2023\/07\/20\/del-mar-a-la-lucha-contra-el-crimen-organizado-la-nueva-agenda-de-bolivia-y-chile\/"},"modified":"2023-07-20T06:07:24","modified_gmt":"2023-07-20T10:07:24","slug":"del-mar-a-la-lucha-contra-el-crimen-organizado-la-nueva-agenda-de-bolivia-y-chile","status":"publish","type":"post","link":"https:\/\/jms.com.bo\/mediamonitor\/2023\/07\/20\/del-mar-a-la-lucha-contra-el-crimen-organizado-la-nueva-agenda-de-bolivia-y-chile\/","title":{"rendered":"Del mar a la lucha contra el crimen organizado, la nueva agenda de Bolivia y Chile"},"content":{"rendered":"<p style=\"text-align: justify;\">El nuevo c\u00f3nsul de Bolivia en Chile es el soci\u00f3logo Jos\u00e9 Enrique Pinelo. Fue recibido formalmente en Santiago por las autoridades de la Canciller\u00eda del vecino pa\u00eds y as\u00ed formaliz\u00f3 el inicio de sus funciones que ahora estar\u00e1n marcadas por \u201cuna nueva agenda t\u00e9cnica\u201d de tres puntos que busca desactivar al crimen organizado sobre la base de la cooperaci\u00f3n bilateral.<\/p>\n<p style=\"text-align: justify;\">Estos temas est\u00e1n marcados por la integraci\u00f3n fronteriza, asuntos migratorios y la lucha contra el crimen organizado. Formaron parte del primer encuentro formal entre nuevo representante diplom\u00e1tico de Bolivia y la subsecretaria chilena de Relaciones Exteriores, Gloria de la Fuente.<\/p>\n<p style=\"text-align: justify;\">No siempre fue as\u00ed. Entre 2006 y 2010, los dos pa\u00edses pusieron en marcha la \u2018agenda de 13 puntos\u2019 que incluy\u00f3 el tema mar\u00edtimo. Sin acuerdos en este \u00faltimo aspecto, el gobierno del presidente Evo Morales (2006-2019) demand\u00f3 a Chile ante la Corte Internacional de Justicia (CIJ) para que este tribunal declare que hay una obligaci\u00f3n a negociar una salida soberana al mar. El 1 de octubre de 2018, la CIJ neg\u00f3 la existencia de esa obligaci\u00f3n y exhort\u00f3 a Bolivia y Chile a seguir conversando. En diciembre de 2022, esta misma corte declar\u00f3 que el curso de las aguas del Silala era compartido y cerr\u00f3 el \u00faltimo litigio bilateral.<\/p>\n<p style=\"text-align: justify;\">Ambos procesos legales congelaron la relaci\u00f3n que no llega a nivel de embajadores desde 1979. El presidente Luis Arce hab\u00eda planteado en marzo restablecer el tratamiento del tema del mar en el contexto de una agenda de siete puntos. La propuesta tambi\u00e9n apunt\u00f3 a \u201ctrabajar de manera conjunta contra el crimen organizado\u201d, sin descuidar \u201clas verdaderas causas\u201d que motivan la il\u00edcita actividad del contrabando. Entonces no se logr\u00f3 reactivar ninguna mesa de di\u00e1logo, esto sin perjuicio de citas empresariales.<\/p>\n<p style=\"text-align: justify;\">Tras recibir a Pinelo, De la Fuente manifest\u00f3 la disposici\u00f3n de su pa\u00eds \u201cpara seguir abordando en conjunto los temas de inter\u00e9s mutuo\u201d y precisamente apunt\u00f3 a los temas de frontera que ya forman parte del di\u00e1logo anticrimen.<\/p>\n<p style=\"text-align: justify;\">De hecho y seg\u00fan un reporte para la prensa del Ministerio chileno de Relaciones Exteriores, \u201cambas autoridades expresaron la voluntad de seguir cooperando en materias de integraci\u00f3n fronteriza y migratorias, entre otros asuntos\u201d.<\/p>\n<p style=\"text-align: justify;\">Precisamente, estos son los temas que ahora se debaten en una comisi\u00f3n de di\u00e1logo t\u00e9cnico que llevan adelante los ministerios de Gobierno de Bolivia y su contraparte del Interior en Chile. Se prev\u00e9 una pr\u00f3xima reuni\u00f3n durante la primera semana de agosto para poner en marcha una base de datos que permitir\u00e1 consultar las denuncias de robo de veh\u00edculos que, especialmente, se produce en el norte chileno para luego ser traficados en territorio nacional.<\/p>\n<p style=\"text-align: justify;\">La agenda anticrimen que pusieron en marcha autoridades bolivianas y chilenas entr\u00f3 en los di\u00e1logos oficiales el 12 de junio cuando el ministro de Gobierno, Eduardo del Castillo, se reuni\u00f3 en Iquique con el subsecretario del Interior, Manuel Monsalve. Esta reuni\u00f3n se dio tras el ataque con armas de fuego que el 8 de julio sufri\u00f3 el camionero chileno Mario Bello y sus acompa\u00f1antes cuando intentaban recuperar su cami\u00f3n en el municipio de Challapata (Oruro). El motorizado, un tracto cami\u00f3n Mack de seis ejes con su tolva, fue robado en Antofagasta.<\/p>\n<p style=\"text-align: justify;\">En un contacto anterior con EL DEBER, el c\u00f3nsul de Chile en Bolivia, Fernando Velasco, manifest\u00f3 la necesidad de reactivar las conversaciones bilaterales en el \u00e1mbito t\u00e9cnico, precisamente para frenar estos delitos, adem\u00e1s de otros conexos que se producen en la frontera. \u201cHemos entendido de los dos lados que esto hay que manejarlo de manera colaborativa\u201d, dijo el c\u00f3nsul Velasco.<\/p>\n<p style=\"text-align: justify;\">El camionero chileno fue baleado y el domingo pasado volvi\u00f3 a su pa\u00eds en un avi\u00f3n ambulancia. Qued\u00f3 parapl\u00e9jico porque el disparo que recibi\u00f3 impacto en su columna vertebral. Mario Bello y su familia hab\u00edan decidido tomar el riesgo de venir por su cuenta a Bolivia para recuperar el cami\u00f3n. Tocaron varias puertas, incluso intentaron poner una denuncia en Uyuni, pero no fueron escuchados, seg\u00fan denunciaron.<\/p>\n<p style=\"text-align: justify;\">Durante la pr\u00f3xima reuni\u00f3n, las autoridades de Bolivia y Chile acordar\u00e1n, incluso, la reactivaci\u00f3n de operativos conjuntos, adem\u00e1s del manejo de una base de datos para que las autoridades bolivianas sepan la existencia de motorizados con denuncia de robo en el pa\u00eds.<\/p>\n<p style=\"text-align: justify;\">\u201cChile tiene un nuevo sistema de consultas y ese sistema va a estar a disposici\u00f3n de todas las autoridades bolivianas. All\u00ed est\u00e1 toda la base de datos de los veh\u00edculos robados en Chile, los que se denuncian ante Carabineros, ante la Polic\u00eda de Investigaciones (PDI) y el Registro Civil\u201d, precis\u00f3 Fernando Velasco.<\/p>\n<p style=\"text-align: justify;\">Tras esta etapa, se prev\u00e9 que dentro de 30 d\u00edas se pongan sobre la mesa los problemas migratorios y se firme un memor\u00e1ndum de entendimiento. Por ejemplo, Chile analiza la posibilidad de flexibilizar los permisos de trabajo temporal para migrantes bolivianos que migran atra\u00eddos por la actividad agr\u00edcola, explicaron las autoridades diplom\u00e1ticas.<\/p>\n<p style=\"text-align: justify;\">Para el diputado Gustavo Aliaga, diplom\u00e1tico de carrera y parte de la opositora Comunidad Ciudadana (CC), la designaci\u00f3n de Pinelo es una buena se\u00f1al para restablecer el trabajo bilateral. \u201cNo es un diplom\u00e1tico de carrera, pero es un buen profesional\u201d, dijo.<br \/>\nPinelo fue parte de la misi\u00f3n de Bolivia ante la Organizaci\u00f3n de los Estados Americanos (OEA) y asesor del Ministerio de Relaciones Exteriores, cuando esta entidad estaba a cargo de David Choquehuanca, hoy vicepresidente.<\/p>\n<p style=\"text-align: justify;\">En 2006 ya hab\u00eda sido enviado como jefe de misi\u00f3n a Santiago, pero poco tiempo despu\u00e9s de haber sido designado, fue relevado abruptamente del cargo por instrucci\u00f3n de Evo Morales. Sucedi\u00f3 en el inicio del debate de la agenda de los 13 puntos, que incluy\u00f3 un di\u00e1logo por el tema mar\u00edtimo.<\/p>\n<p style=\"text-align: justify;\">Coco Pinelo naci\u00f3 en enero de 1953 y se convirti\u00f3 en el primer c\u00f3nsul general designado en Chile por el presidente Luis Arce. Desde que se puso en marcha la agenda t\u00e9cnica con Chile, se han recuperado m\u00e1s de 10 veh\u00edculos. Ayer retorn\u00f3 a Antofagasta el empresario Humberto Dur\u00e1n con su veh\u00edculo, una Chevrolet Silverado del a\u00f1o 2022 que fue hallado el domingo en un domicilio particular de San Juli\u00e1n, a148 kil\u00f3metros al este de Santa Cruz de la Sierra.<\/p>\n<p style=\"text-align: justify;\">El diputado chileno Sebasti\u00e1n Videla, quien estuvo esta semana en el pa\u00eds, anunci\u00f3 la recuperaci\u00f3n de otros 10 veh\u00edculos que estaban con denuncia en su pa\u00eds.<br \/>\nAyer, la Polic\u00eda Boliviana hab\u00eda detectado otras dos unidades en el municipio de La Guardia y se est\u00e1n cotejando los datos.<\/p>\n","protected":false},"excerpt":{"rendered":"<p>El nuevo c\u00f3nsul de Bolivia en Chile es el soci\u00f3logo Jos\u00e9 Enrique Pinelo. Fue recibido formalmente en Santiago por las autoridades de la Canciller\u00eda del vecino pa\u00eds y as\u00ed formaliz\u00f3 el inicio de sus funciones que ahora estar\u00e1n marcadas por \u201cuna nueva agenda t\u00e9cnica\u201d de tres puntos que busca desactivar al crimen organizado sobre la [&hellip;]<\/p>\n","protected":false},"author":4,"featured_media":54581,"comment_status":"open","ping_status":"closed","sticky":false,"template":"","format":"standard","meta":{"footnotes":""},"categories":[18,48,46],"tags":[],"class_list":{"0":"post-54580","1":"post","2":"type-post","3":"status-publish","4":"format-standard","5":"has-post-thumbnail","7":"category-politica","8":"category-portada-general-sitio","9":"category-portada-politica"},"_links":{"self":[{"href":"https:\/\/jms.com.bo\/mediamonitor\/wp-json\/wp\/v2\/posts\/54580","targetHints":{"allow":["GET"]}}],"collection":[{"href":"https:\/\/jms.com.bo\/mediamonitor\/wp-json\/wp\/v2\/posts"}],"about":[{"href":"https:\/\/jms.com.bo\/mediamonitor\/wp-json\/wp\/v2\/types\/post"}],"author":[{"embeddable":true,"href":"https:\/\/jms.com.bo\/mediamonitor\/wp-json\/wp\/v2\/users\/4"}],"replies":[{"embeddable":true,"href":"https:\/\/jms.com.bo\/mediamonitor\/wp-json\/wp\/v2\/comments?post=54580"}],"version-history":[{"count":0,"href":"https:\/\/jms.com.bo\/mediamonitor\/wp-json\/wp\/v2\/posts\/54580\/revisions"}],"wp:featuredmedia":[{"embeddable":true,"href":"https:\/\/jms.com.bo\/mediamonitor\/wp-json\/wp\/v2\/media\/54581"}],"wp:attachment":[{"href":"https:\/\/jms.com.bo\/mediamonitor\/wp-json\/wp\/v2\/media?parent=54580"}],"wp:term":[{"taxonomy":"category","embeddable":true,"href":"https:\/\/jms.com.bo\/mediamonitor\/wp-json\/wp\/v2\/categories?post=54580"},{"taxonomy":"post_tag","embeddable":true,"href":"https:\/\/jms.com.bo\/mediamonitor\/wp-json\/wp\/v2\/tags?post=54580"}],"curies":[{"name":"wp","href":"https:\/\/api.w.org\/{rel}","templated":true}]}}