{"id":54582,"date":"2023-07-20T06:09:06","date_gmt":"2023-07-20T10:09:06","guid":{"rendered":"https:\/\/jms.com.bo\/mediamonitor\/2023\/07\/20\/ue-anuncia-45-000-millones-de-euros-en-america-latina-en-sectores-estrategicos\/"},"modified":"2023-07-20T06:09:06","modified_gmt":"2023-07-20T10:09:06","slug":"ue-anuncia-45-000-millones-de-euros-en-america-latina-en-sectores-estrategicos","status":"publish","type":"post","link":"https:\/\/jms.com.bo\/mediamonitor\/2023\/07\/20\/ue-anuncia-45-000-millones-de-euros-en-america-latina-en-sectores-estrategicos\/","title":{"rendered":"UE anuncia 45.000 millones de euros en Am\u00e9rica Latina en sectores estrat\u00e9gicos"},"content":{"rendered":"<p style=\"text-align: justify;\">La Comisi\u00f3n Europea anunci\u00f3 una inversi\u00f3n de 45.000 millones de euros para llevar las relaciones entre la UE y Am\u00e9rica Latina y el Caribe a otro nivel. La nueva agenda de cooperaci\u00f3n e inversiones se centrar\u00e1 en proyectos que van desde la producci\u00f3n de hidr\u00f3geno limpio o la ampliaci\u00f3n de la red de cableado de datos de alto rendimiento hasta la producci\u00f3n de vacunas de ARNm m\u00e1s avanzadas.<\/p>\n<p style=\"text-align: justify;\">Durante la Mesa Empresarial UE \u2013 Am\u00e9rica Latina y el Caribe, organizada por CAF, la Comisi\u00f3n Europea y el Banco Interamericano de Desarrollo (BID), Ursula Von der Leyen anunci\u00f3 la inversi\u00f3n de 45.000 millones de euros en la regi\u00f3n.<\/p>\n<p style=\"text-align: justify;\">CAF ha identificado 67 iniciativas nacionales y regionales para concretar la inversi\u00f3n europea en proyectos enfocados en reducir la pobreza y la desigualdad, impulsar la transici\u00f3n verde y justa, la transformaci\u00f3n digital para lograr un crecimiento m\u00e1s inclusivo y sostenible.<\/p>\n<p style=\"text-align: justify;\">\u201cAm\u00e9rica Latina y el Caribe tienen mucho para aportar al presente y el futuro de Europa. De la misma forma, Europa tiene la capacidad de aportar a nuestra regi\u00f3n como un todo, pensando en el beneficio de los ciudadanos y el planeta\u201d, dijo Sergio D\u00edaz-Granados, presidente ejecutivo de CAF-Banco de Desarrollo de Am\u00e9rica Latina y el Caribe.<\/p>\n<p style=\"text-align: justify;\">Entre los ejemplos de proyectos de inversi\u00f3n en los que participar\u00e1 CAF est\u00e1n los relacionados con llevar conectividad al 85% de los colombianos para el 2026, la producci\u00f3n de hidr\u00f3geno en Chile y Uruguay, la movilidad sostenible en San Jos\u00e9, Quito, Bogot\u00e1, Montevideo y Sao Paulo, la masificaci\u00f3n de la energ\u00eda renovable en Jamaica, proyectos de agua y saneamiento para combatir la malnutrici\u00f3n infantil cr\u00f3nica en todo Ecuador, entre otros.<\/p>\n<p style=\"text-align: justify;\">La agenda del Global Gateway (la plataforma de inversiones y cooperaci\u00f3n de la UE a nivel global) se centrar\u00e1 en Am\u00e9rica Latina y el Caribe en la lucha contra el cambio clim\u00e1tico, la promoci\u00f3n de energ\u00edas renovables, servicios digitales, electromovilidad y un nuevo papel para los recursos naturales, con transferencia de tecnolog\u00eda y fortalecimiento de la agroindustria.<\/p>\n<p style=\"text-align: justify;\">\u201cTenemos el inter\u00e9s de que las relaciones entre Europa y Am\u00e9rica Latina y el Caribe alcancen su m\u00e1ximo potencial. Compartimos el inter\u00e9s com\u00fan de ver a nuestras industrias crecer, desarrollar cadenas de valor globales y de tener cada vez m\u00e1s personas en la clase media. No queremos que las relaciones sean puramente comerciales, sino que queremos crecer juntos\u201d, dijo la presidenta de la Comisi\u00f3n Europea, Von der Leyen.<\/p>\n<p style=\"text-align: justify;\">\u201cPara aprovechar las oportunidades es necesario que las regiones profundicemos nuestros acuerdos comerciales y en nuestra integraci\u00f3n econ\u00f3mica. Puedo confirmar que el avance en la ratificaci\u00f3n de los acuerdos de la Uni\u00f3n Europea est\u00e1 muy cerca y esto tiene mucho que ver con el liderazgo de la presidencia de la Comisi\u00f3n Europea y confiamos por tanto que se produzca durante este semestre de la presidencia europea\u201d, dijo el presidente del Gobierno de Espa\u00f1a, Pedro S\u00e1nchez.<\/p>\n<p style=\"text-align: justify;\">\u201cSon las empresas, las universidades y la sociedad civil las que insuflan vida y continuidad a las relaciones entre los distintos pa\u00edses. Este encuentro confirma que nuestros emprendedores est\u00e1n plenamente comprometidos para relanzar esta alianza hist\u00f3rica basada en la seguridad de que el \u00e9xito de una de las partes es fundamental para todos\u201d, dijo el presidente de Brasil, Luiz Ignacio Lula da Silva.<\/p>\n<p style=\"text-align: justify;\">\u201cLa nueva agenda de la Uni\u00f3n Europea para Am\u00e9rica Latina y el Caribe surge en momentos en que nuestra regi\u00f3n se est\u00e1 desarrollando en \u00e1reas que son cr\u00edticas para el futuro de todo el planeta. Am\u00e9rica Latina ahora est\u00e1 perfectamente posicionada para ser parte de la soluci\u00f3n a los mayores desaf\u00edos del mundo, incluido el cambio clim\u00e1tico, la inseguridad alimentaria y la protecci\u00f3n de la biodiversidad. Al trabajar m\u00e1s juntos, los sectores p\u00fablicos y privados de nuestras regiones pueden hacer realidad esta oportunidad\u201d, dijo el presidente del BID, Ilan Goldfajn.<\/p>\n<p style=\"text-align: justify;\">CAF est\u00e1 desarrollando instrumentos financieros innovadores como garant\u00edas, seguros, coberturas financieras y swaps de deuda por conservaci\u00f3n de la naturaleza, y un mejor aprovechamiento de los derechos especiales de giro, para ello est\u00e1 ampliando sus alianzas con actores clave como el Banco Central Europeo y los directores europeos en el Fondo Monetario Internacional.<\/p>\n<p style=\"text-align: justify;\">\u201cAm\u00e9rica Latina y el Caribe tienen una capacidad demostrada para proponer ideas, soluciones y caminos de acci\u00f3n provechosos y con alto impacto. Europa y Am\u00e9rica Latina y el Caribe son compatibles en sus valores, su visi\u00f3n del desarrollo y su comprensi\u00f3n del mundo. Somos un producto com\u00fan de la historia. Nuestras luchas por la democracia y los movimientos sociales van de la mano. Vivimos una esencia compartida\u201d, concluy\u00f3 D\u00edaz-Granados.<\/p>\n","protected":false},"excerpt":{"rendered":"<p>La Comisi\u00f3n Europea anunci\u00f3 una inversi\u00f3n de 45.000 millones de euros para llevar las relaciones entre la UE y Am\u00e9rica Latina y el Caribe a otro nivel. La nueva agenda de cooperaci\u00f3n e inversiones se centrar\u00e1 en proyectos que van desde la producci\u00f3n de hidr\u00f3geno limpio o la ampliaci\u00f3n de la red de cableado de [&hellip;]<\/p>\n","protected":false},"author":4,"featured_media":54583,"comment_status":"open","ping_status":"closed","sticky":false,"template":"","format":"standard","meta":{"footnotes":""},"categories":[25],"tags":[],"class_list":{"0":"post-54582","1":"post","2":"type-post","3":"status-publish","4":"format-standard","5":"has-post-thumbnail","7":"category-economia"},"_links":{"self":[{"href":"https:\/\/jms.com.bo\/mediamonitor\/wp-json\/wp\/v2\/posts\/54582","targetHints":{"allow":["GET"]}}],"collection":[{"href":"https:\/\/jms.com.bo\/mediamonitor\/wp-json\/wp\/v2\/posts"}],"about":[{"href":"https:\/\/jms.com.bo\/mediamonitor\/wp-json\/wp\/v2\/types\/post"}],"author":[{"embeddable":true,"href":"https:\/\/jms.com.bo\/mediamonitor\/wp-json\/wp\/v2\/users\/4"}],"replies":[{"embeddable":true,"href":"https:\/\/jms.com.bo\/mediamonitor\/wp-json\/wp\/v2\/comments?post=54582"}],"version-history":[{"count":0,"href":"https:\/\/jms.com.bo\/mediamonitor\/wp-json\/wp\/v2\/posts\/54582\/revisions"}],"wp:featuredmedia":[{"embeddable":true,"href":"https:\/\/jms.com.bo\/mediamonitor\/wp-json\/wp\/v2\/media\/54583"}],"wp:attachment":[{"href":"https:\/\/jms.com.bo\/mediamonitor\/wp-json\/wp\/v2\/media?parent=54582"}],"wp:term":[{"taxonomy":"category","embeddable":true,"href":"https:\/\/jms.com.bo\/mediamonitor\/wp-json\/wp\/v2\/categories?post=54582"},{"taxonomy":"post_tag","embeddable":true,"href":"https:\/\/jms.com.bo\/mediamonitor\/wp-json\/wp\/v2\/tags?post=54582"}],"curies":[{"name":"wp","href":"https:\/\/api.w.org\/{rel}","templated":true}]}}