{"id":54586,"date":"2023-07-20T06:11:32","date_gmt":"2023-07-20T10:11:32","guid":{"rendered":"https:\/\/jms.com.bo\/mediamonitor\/2023\/07\/20\/bolivia-logra-mayor-recuperacion-de-la-tasa-de-ocupacion-en-america-latina\/"},"modified":"2023-07-20T06:11:32","modified_gmt":"2023-07-20T10:11:32","slug":"bolivia-logra-mayor-recuperacion-de-la-tasa-de-ocupacion-en-america-latina","status":"publish","type":"post","link":"https:\/\/jms.com.bo\/mediamonitor\/2023\/07\/20\/bolivia-logra-mayor-recuperacion-de-la-tasa-de-ocupacion-en-america-latina\/","title":{"rendered":"Bolivia logra mayor recuperaci\u00f3n de la tasa de ocupaci\u00f3n en Am\u00e9rica Latina"},"content":{"rendered":"<p style=\"text-align: justify;\">En 2022, Bolivia fue la econom\u00eda que mayor recuperaci\u00f3n logr\u00f3 en la tasa de ocupaci\u00f3n en Am\u00e9rica Latina, destaca el informe de la Coyuntura Laboral de la Comisi\u00f3n Econ\u00f3mica para Am\u00e9rica Latina y el Caribe (Cepal) y la Oficina para el Cono Sur de Am\u00e9rica Latina de la Organizaci\u00f3n Internacional del Trabajo (OIT).<\/p>\n<p style=\"text-align: justify;\">El presidente Luis Arce salud\u00f3 este logro y afirm\u00f3 que se consolida la reconstrucci\u00f3n de la econom\u00eda del pa\u00eds con el retorno a indicadores que se ten\u00edan antes del golpe de Estado de 2019 y la pandemia del Covid-19 en 2020.<\/p>\n<p style=\"text-align: justify;\">\u201cA pesar de la incertidumbre y volatilidad econ\u00f3mica global, Bolivia destaca como la econom\u00eda que mayor recuperaci\u00f3n logr\u00f3 en la tasa de ocupaci\u00f3n en Am\u00e9rica Latina en 2022, superando el nivel registrado en 2019, antes de la pandemia.\u00a1Consolidamos la reconstrucci\u00f3n econ\u00f3mica!\u201d, celebr\u00f3 en un mensaje por su cuenta de Facebook.<\/p>\n<p style=\"text-align: justify;\">De acuerdo con el informe Coyuntura Laboral en Am\u00e9rica Latina y el Caribe, la tasa de ocupaci\u00f3n regional muestra que, en 2022, como promedio ponderado, el indicador recuper\u00f3 exactamente el nivel anterior a la pandemia (2019).<\/p>\n<p style=\"text-align: justify;\">\u201cEn efecto, en 2022 siete pa\u00edses hab\u00edan superado la tasa de ocupaci\u00f3n que registraban en 2019, con el Estado Plurinacional de Bolivia y la Argentina en los lugares m\u00e1s destacados, mientras que cinco pa\u00edses estaban a menos de 1,2 puntos porcentuales de recuperar el nivel prepandemia. En cambio, ocho pa\u00edses mostraban rezagos mayores, entre los que se destacaban Belice y Panam\u00e1\u201d, apunta el informe.<\/p>\n","protected":false},"excerpt":{"rendered":"<p>En 2022, Bolivia fue la econom\u00eda que mayor recuperaci\u00f3n logr\u00f3 en la tasa de ocupaci\u00f3n en Am\u00e9rica Latina, destaca el informe de la Coyuntura Laboral de la Comisi\u00f3n Econ\u00f3mica para Am\u00e9rica Latina y el Caribe (Cepal) y la Oficina para el Cono Sur de Am\u00e9rica Latina de la Organizaci\u00f3n Internacional del Trabajo (OIT). El presidente [&hellip;]<\/p>\n","protected":false},"author":4,"featured_media":54587,"comment_status":"open","ping_status":"closed","sticky":false,"template":"","format":"standard","meta":{"footnotes":""},"categories":[25],"tags":[],"class_list":{"0":"post-54586","1":"post","2":"type-post","3":"status-publish","4":"format-standard","5":"has-post-thumbnail","7":"category-economia"},"_links":{"self":[{"href":"https:\/\/jms.com.bo\/mediamonitor\/wp-json\/wp\/v2\/posts\/54586","targetHints":{"allow":["GET"]}}],"collection":[{"href":"https:\/\/jms.com.bo\/mediamonitor\/wp-json\/wp\/v2\/posts"}],"about":[{"href":"https:\/\/jms.com.bo\/mediamonitor\/wp-json\/wp\/v2\/types\/post"}],"author":[{"embeddable":true,"href":"https:\/\/jms.com.bo\/mediamonitor\/wp-json\/wp\/v2\/users\/4"}],"replies":[{"embeddable":true,"href":"https:\/\/jms.com.bo\/mediamonitor\/wp-json\/wp\/v2\/comments?post=54586"}],"version-history":[{"count":0,"href":"https:\/\/jms.com.bo\/mediamonitor\/wp-json\/wp\/v2\/posts\/54586\/revisions"}],"wp:featuredmedia":[{"embeddable":true,"href":"https:\/\/jms.com.bo\/mediamonitor\/wp-json\/wp\/v2\/media\/54587"}],"wp:attachment":[{"href":"https:\/\/jms.com.bo\/mediamonitor\/wp-json\/wp\/v2\/media?parent=54586"}],"wp:term":[{"taxonomy":"category","embeddable":true,"href":"https:\/\/jms.com.bo\/mediamonitor\/wp-json\/wp\/v2\/categories?post=54586"},{"taxonomy":"post_tag","embeddable":true,"href":"https:\/\/jms.com.bo\/mediamonitor\/wp-json\/wp\/v2\/tags?post=54586"}],"curies":[{"name":"wp","href":"https:\/\/api.w.org\/{rel}","templated":true}]}}