{"id":54588,"date":"2023-07-20T06:12:48","date_gmt":"2023-07-20T10:12:48","guid":{"rendered":"https:\/\/jms.com.bo\/mediamonitor\/2023\/07\/20\/seprec-registra-mas-de-8-000-nuevas-empresas-en-el-primer-semestre-de-2023\/"},"modified":"2023-07-20T06:12:48","modified_gmt":"2023-07-20T10:12:48","slug":"seprec-registra-mas-de-8-000-nuevas-empresas-en-el-primer-semestre-de-2023","status":"publish","type":"post","link":"https:\/\/jms.com.bo\/mediamonitor\/2023\/07\/20\/seprec-registra-mas-de-8-000-nuevas-empresas-en-el-primer-semestre-de-2023\/","title":{"rendered":"Seprec registra m\u00e1s de 8.000 nuevas empresas en el primer semestre de 2023"},"content":{"rendered":"<p style=\"text-align: justify;\">El Servicio Plurinacional de Registro de Comercio (Seprec) inform\u00f3 que al primer semestre de este a\u00f1o registr\u00f3 8.207 nuevas unidades econ\u00f3micas y m\u00e1s de 75.000 actos comerciales en toda Bolivia.<\/p>\n<p style=\"text-align: justify;\">La inscripci\u00f3n de nuevas empresas, seg\u00fan el Seprec, por tipo de actividad econ\u00f3mica, la lidera el sector de la reparaci\u00f3n de veh\u00edculos automotores y motocicletas con 2.451 inscripciones, seguido por el rubro de construcci\u00f3n con 1.129 y transporte y almacenamiento con 913.<\/p>\n<p style=\"text-align: justify;\">Durante el primer semestre se inscribieron 75.898 actos de comercio, siendo la mayor cantidad de tr\u00e1mites las actualizaciones de matr\u00edcula de Comercio, Registros de otorgamiento de poder y\/o revocatoria y Modificaciones, Aclaraciones y\/o Complementaciones.<\/p>\n<p style=\"text-align: justify;\">\u201cEstos datos estad\u00edsticos demuestran que las pol\u00edticas p\u00fablicas implementadas por el Gobierno nacional a la cabeza del presidente Luis Arce y el vicepresidente David Choquehuanca, est\u00e1n dando resultados, estamos promoviendo las actividades del Registro de Comercio de Bolivia, fomentando la formalizaci\u00f3n de las empresas y el desarrollo empresarial\u201d, se\u00f1al\u00f3 el director del Seprec, \u00c1lvaro Sep\u00falveda.<\/p>\n<p style=\"text-align: justify;\">El ejecutivo destac\u00f3 la implementaci\u00f3n de las nuevas tecnolog\u00edas, porque permite la realizaci\u00f3n de tr\u00e1mites 100% virtuales.<\/p>\n<p style=\"text-align: justify;\">A esto se suma la reducci\u00f3n de costos en un 50% para la inscripci\u00f3n de empresas unipersonales, en un 30% en tr\u00e1mites operativos e incluso a un costo cero, contribuyendo al fomento de la formalizaci\u00f3n de la actividad comercial y a la integraci\u00f3n de las Unidades Econ\u00f3micas.<\/p>\n<p style=\"text-align: justify;\">Respecto a la Base Empresarial, a junio de 2023 lleg\u00f3 a 370.639 unidades econ\u00f3micas. El departamento de La Paz lidera la lista con 115.447 unidades econ\u00f3micas.<\/p>\n<p style=\"text-align: justify;\">El Seprec inici\u00f3 actividades de administraci\u00f3n del registro de comercio de Bolivia en abril de 2022 en 14 plataformas.<\/p>\n<p style=\"text-align: justify;\">Hasta junio, la entidad estatal atendi\u00f3 a 31.579 usuarios en junio, mes que venc\u00eda el plazo para la Actualizaci\u00f3n de la Matr\u00edcula de Comercio para la actividad bancaria, seguros, comerciales y servicios.<\/p>\n","protected":false},"excerpt":{"rendered":"<p>El Servicio Plurinacional de Registro de Comercio (Seprec) inform\u00f3 que al primer semestre de este a\u00f1o registr\u00f3 8.207 nuevas unidades econ\u00f3micas y m\u00e1s de 75.000 actos comerciales en toda Bolivia. La inscripci\u00f3n de nuevas empresas, seg\u00fan el Seprec, por tipo de actividad econ\u00f3mica, la lidera el sector de la reparaci\u00f3n de veh\u00edculos automotores y motocicletas [&hellip;]<\/p>\n","protected":false},"author":4,"featured_media":54589,"comment_status":"open","ping_status":"closed","sticky":false,"template":"","format":"standard","meta":{"footnotes":""},"categories":[25,45,48],"tags":[],"class_list":{"0":"post-54588","1":"post","2":"type-post","3":"status-publish","4":"format-standard","5":"has-post-thumbnail","7":"category-economia","8":"category-portada-economia","9":"category-portada-general-sitio"},"_links":{"self":[{"href":"https:\/\/jms.com.bo\/mediamonitor\/wp-json\/wp\/v2\/posts\/54588","targetHints":{"allow":["GET"]}}],"collection":[{"href":"https:\/\/jms.com.bo\/mediamonitor\/wp-json\/wp\/v2\/posts"}],"about":[{"href":"https:\/\/jms.com.bo\/mediamonitor\/wp-json\/wp\/v2\/types\/post"}],"author":[{"embeddable":true,"href":"https:\/\/jms.com.bo\/mediamonitor\/wp-json\/wp\/v2\/users\/4"}],"replies":[{"embeddable":true,"href":"https:\/\/jms.com.bo\/mediamonitor\/wp-json\/wp\/v2\/comments?post=54588"}],"version-history":[{"count":0,"href":"https:\/\/jms.com.bo\/mediamonitor\/wp-json\/wp\/v2\/posts\/54588\/revisions"}],"wp:featuredmedia":[{"embeddable":true,"href":"https:\/\/jms.com.bo\/mediamonitor\/wp-json\/wp\/v2\/media\/54589"}],"wp:attachment":[{"href":"https:\/\/jms.com.bo\/mediamonitor\/wp-json\/wp\/v2\/media?parent=54588"}],"wp:term":[{"taxonomy":"category","embeddable":true,"href":"https:\/\/jms.com.bo\/mediamonitor\/wp-json\/wp\/v2\/categories?post=54588"},{"taxonomy":"post_tag","embeddable":true,"href":"https:\/\/jms.com.bo\/mediamonitor\/wp-json\/wp\/v2\/tags?post=54588"}],"curies":[{"name":"wp","href":"https:\/\/api.w.org\/{rel}","templated":true}]}}