{"id":54590,"date":"2023-07-20T06:17:57","date_gmt":"2023-07-20T10:17:57","guid":{"rendered":"https:\/\/jms.com.bo\/mediamonitor\/2023\/07\/20\/presente-y-futuro-del-mercado-de-energias-renovables-que-puede-esperarse-en-argentina\/"},"modified":"2023-07-20T06:17:57","modified_gmt":"2023-07-20T10:17:57","slug":"presente-y-futuro-del-mercado-de-energias-renovables-que-puede-esperarse-en-argentina","status":"publish","type":"post","link":"https:\/\/jms.com.bo\/mediamonitor\/2023\/07\/20\/presente-y-futuro-del-mercado-de-energias-renovables-que-puede-esperarse-en-argentina\/","title":{"rendered":"Presente y futuro del mercado de energ\u00edas renovables: qu\u00e9 puede esperarse en Argentina"},"content":{"rendered":"<p style=\"text-align: justify;\">Las energ\u00edas renovables existieron durante siglos pero empezaron a ganar atenci\u00f3n en las \u00faltimas d\u00e9cadas y se convirtieron en un tema de urgencia en la agenda global en los \u00faltimos a\u00f1os por su rol fundamental en la carrera contra el cambio clim\u00e1tico. Son cada vez m\u00e1s los pa\u00edses que adoptan e implementan pol\u00edticas, programas y metas para promover su uso y aumentar su participaci\u00f3n en la matriz energ\u00e9tica.<\/p>\n<p style=\"text-align: justify;\">En Argentina hoy las energ\u00edas renovables representan el 12% de la matriz energ\u00e9tica. De acuerdo con la Ley de Energ\u00edas Renovables, promulgada en 2015, el objetivo es que alcancen el 20% para el 2025 y, seg\u00fan el Plan Energ\u00e9tico presentado por el Gobierno, la cifra de la meta se elevar\u00eda al 30% para el 2030. \u00bfEs posible? \u00bfCu\u00e1les son los principales desaf\u00edos y qu\u00e9 se necesita para potenciar el desarrollo en el sector? De eso se habl\u00f3 en el primer cap\u00edtulo del evento de Energ\u00eda organizado por LA NACION.<\/p>\n<p style=\"text-align: justify;\">\u201cEl tema es complejo y la respuesta tiene varias aristas\u201d, plante\u00f3 Alejandro Einstoss, Jefe del Instituto Argentino de la Energ\u00eda General Mosconi, en una charla moderada por Sof\u00eda Diamante, periodista de la LA NACION. Por un lado, \u201cArgentina tiene un problema con el capital que demanda el sector energ\u00e9tico. La energ\u00eda renovable requiere capital intensivo y, si a esto se suma el riesgo que supone el pa\u00eds, ning\u00fan proyecto es renovable\u201d, explica. \u201cHoy los precios est\u00e1n completamente distorsionados. Hay que bajarlos\u201d.<\/p>\n<p style=\"text-align: justify;\">Por otro lado, Einstoss explica que en el pa\u00eds hay un problema de ra\u00edz con la regulaci\u00f3n inicial de los a\u00f1os 90 en relaci\u00f3n al sistema de transmisi\u00f3n que obstaculiza y restringe las inversiones del sector privado. \u201cEl sistema de transmisi\u00f3n el\u00e9ctrica est\u00e1 al l\u00edmite y desde 2010 no hay ampliaciones significativas. Las expansiones de la red que vimos hasta ahora estuvieron a cargo del estado pero no es suficiente\u201d, indica el directivo y concluye que, si se quiere ver una expansi\u00f3n masiva, es necesario un cambio de fondo: \u201cCreo que hay que revisar las normas y generar un marco regulatorio que incentive al sector privado a invertir en el sistema de transmisi\u00f3n\u201d.<\/p>\n<p style=\"text-align: justify;\">Desde el sector privado, Gustavo Anbinder, Director de Negocios y Desarrollo de Genneia, cree que aunque la intenci\u00f3n de desarrollar el campo de las energ\u00edas renovables ya est\u00e1 en marcha, el proceso tiene que acelerarse. \u201cSi el sector privado no entra, el avance se frena\u201d, resume. Para el directivo, hay algunos proyectos en los que, aunque ya est\u00e1 definido el marco regulatorio, falta trabajar en una puesta en pr\u00e1ctica efectiva. \u201cHay que trabajar en la instrumentaci\u00f3n y estabilidad del sistema: definir c\u00f3mo se va a recuperar el dinero de las inversiones y qu\u00e9 prioridad de uso van a tener aquellos que las hagan, entre otras cosas\u201d.<\/p>\n<p style=\"text-align: justify;\">Coincide con Anbinder en la importancia de la participaci\u00f3n del sector privado en el desarrollo de energ\u00edas renovables Juan Carlos Villalonga, Presidente de GLOBE International. \u201dPasadas las rondas de licitaciones del programa RenovAr, sigui\u00f3 el movimiento de iniciativas en el campo de las energ\u00edas renovables a trav\u00e9s de contratos privados. Esto demuestra el compromiso de la descarbonizaci\u00f3n de las empresas\u201d, se\u00f1al\u00f3. Sin embargo, los recursos tienen un l\u00edmite y \u201cla pol\u00edtica tiene que ser clara\u201d.<\/p>\n<p style=\"text-align: justify;\">Villalonga est\u00e1 convencido que el de las energ\u00edas renovables es un sector que, con las condiciones dadas, despega. \u201cLo que logr\u00f3 el programa RenovAr fue dar el contexto para que las inversiones se sientan c\u00f3modas y seguras, pero durante los \u00faltimos cuatro a\u00f1os no hubo una vocaci\u00f3n importante para apoyar al sector\u201d, dijo. \u201cNecesitamos un estado con una fuerte convicci\u00f3n\u201d.<\/p>\n<p style=\"text-align: justify;\">Por otro lado, todos los referentes del rubro identifican como conflictiva a la disonancia entre la infraestructura real con la que cuenta el pa\u00eds, y la que necesita para lograr la meta del 30% de la matriz energ\u00e9tica para 2030. \u201cLa restricci\u00f3n de la infraestructura es un severo limitante para la expansi\u00f3n de las renovables\u201d, asever\u00f3 Villalonga. \u201cNecesitamos m\u00e1s puertos, carreteras, gr\u00faas, compa\u00f1\u00edas de construcci\u00f3n y recursos humanos calificados en cantidad para poder llegar\u201d, agreg\u00f3 Anbinder.<\/p>\n<p style=\"text-align: justify;\">En un cap\u00edtulo especial dentro de los desaf\u00edos del sector de energ\u00edas renovables est\u00e1 el tema del hidr\u00f3geno, en el cual Villalonga es experto. El directivo destac\u00f3 que actualmente hay un proyecto de ley orientado al futuro del hidr\u00f3geno en el pa\u00eds, y que esto es fundamental porque va a dar un horizonte de previsibilidad, algo imprescindible para el desarrollo del sector. \u201cLas inversiones del hidr\u00f3geno no son a corto plazo y van a plasmarse reci\u00e9n dentro de cinco u ocho a\u00f1os, cuando emerja el mercado del hidr\u00f3geno. Y son inversiones que hoy cuentan con un alto grado de incertidumbre\u201d.<\/p>\n<p style=\"text-align: justify;\">En este contexto, Villalonga remarc\u00f3 la necesidad de garantizar certidumbres, por lo menos regulatorias, en el sector de las renovables. \u201cArgentina presenta oportunidades importantes, pero el mercado global es extremadamente competitivo, y la pol\u00edtica tiene que entenderlo. Nuestros molinos van a competir con los de Chile, Australia y Marruecos. Por eso tenemos que bajar costos y aportar previsibilidad y estabilidad a los inversores\u201d, ilustra y concluye: \u201cSe va a comprar hidr\u00f3geno a aquellos pa\u00edses que sean proveedores estables y pol\u00edticamente aliados. El inversor va a buscar un partner, un socio y, en este rubro Argentina, un pa\u00eds hist\u00f3ricamente zigzagueante en materia de pol\u00edtica internacional tiene un gran desaf\u00edo\u201d.<\/p>\n","protected":false},"excerpt":{"rendered":"<p>Las energ\u00edas renovables existieron durante siglos pero empezaron a ganar atenci\u00f3n en las \u00faltimas d\u00e9cadas y se convirtieron en un tema de urgencia en la agenda global en los \u00faltimos a\u00f1os por su rol fundamental en la carrera contra el cambio clim\u00e1tico. Son cada vez m\u00e1s los pa\u00edses que adoptan e implementan pol\u00edticas, programas y [&hellip;]<\/p>\n","protected":false},"author":4,"featured_media":54591,"comment_status":"open","ping_status":"closed","sticky":false,"template":"","format":"standard","meta":{"footnotes":""},"categories":[39],"tags":[],"class_list":{"0":"post-54590","1":"post","2":"type-post","3":"status-publish","4":"format-standard","5":"has-post-thumbnail","7":"category-energia"},"_links":{"self":[{"href":"https:\/\/jms.com.bo\/mediamonitor\/wp-json\/wp\/v2\/posts\/54590","targetHints":{"allow":["GET"]}}],"collection":[{"href":"https:\/\/jms.com.bo\/mediamonitor\/wp-json\/wp\/v2\/posts"}],"about":[{"href":"https:\/\/jms.com.bo\/mediamonitor\/wp-json\/wp\/v2\/types\/post"}],"author":[{"embeddable":true,"href":"https:\/\/jms.com.bo\/mediamonitor\/wp-json\/wp\/v2\/users\/4"}],"replies":[{"embeddable":true,"href":"https:\/\/jms.com.bo\/mediamonitor\/wp-json\/wp\/v2\/comments?post=54590"}],"version-history":[{"count":0,"href":"https:\/\/jms.com.bo\/mediamonitor\/wp-json\/wp\/v2\/posts\/54590\/revisions"}],"wp:featuredmedia":[{"embeddable":true,"href":"https:\/\/jms.com.bo\/mediamonitor\/wp-json\/wp\/v2\/media\/54591"}],"wp:attachment":[{"href":"https:\/\/jms.com.bo\/mediamonitor\/wp-json\/wp\/v2\/media?parent=54590"}],"wp:term":[{"taxonomy":"category","embeddable":true,"href":"https:\/\/jms.com.bo\/mediamonitor\/wp-json\/wp\/v2\/categories?post=54590"},{"taxonomy":"post_tag","embeddable":true,"href":"https:\/\/jms.com.bo\/mediamonitor\/wp-json\/wp\/v2\/tags?post=54590"}],"curies":[{"name":"wp","href":"https:\/\/api.w.org\/{rel}","templated":true}]}}