{"id":54659,"date":"2023-07-21T06:39:47","date_gmt":"2023-07-21T10:39:47","guid":{"rendered":"https:\/\/jms.com.bo\/mediamonitor\/2023\/07\/21\/oms-preve-aumento-del-dengue-en-america-latina\/"},"modified":"2023-07-21T06:39:47","modified_gmt":"2023-07-21T10:39:47","slug":"oms-preve-aumento-del-dengue-en-america-latina","status":"publish","type":"post","link":"https:\/\/jms.com.bo\/mediamonitor\/2023\/07\/21\/oms-preve-aumento-del-dengue-en-america-latina\/","title":{"rendered":"OMS prev\u00e9 aumento del dengue en Am\u00e9rica Latina"},"content":{"rendered":"<p style=\"text-align: justify;\">La Organizaci\u00f3n Mundial de la Salud (OMS) pidi\u00f3 ayer, mi\u00e9rcoles, a los gobiernos de los pa\u00edses americanos \u201cestar extremadamente alertas y preparados\u201d para intensificar las acciones dirigidas a controlar la expansi\u00f3n del dengue, ya que se puede prever \u201cun aumento de casos en la segunda mitad de 2023\u201d.<\/p>\n<p style=\"text-align: justify;\">La organizaci\u00f3n recomend\u00f3 como una medida de precauci\u00f3n general el uso de repelente para evitar la picadura del mosquito transmisor del virus, tras recordar que el mayor riesgo se corre durante el d\u00eda y al inicio de la noche.<\/p>\n<p style=\"text-align: justify;\">El n\u00famero de personas infectadas desde que empez\u00f3 el a\u00f1o ha superado la barrera de los tres millones en el continente (casos reportados hasta el 1 de julio), cifra que supera a la de todo 2022 (2,8 millones de casos) y que est\u00e1 cerca del r\u00e9cord de los 3,1 millones registrados en 2019.<\/p>\n<p style=\"text-align: justify;\">Brasil, Per\u00fa y Bolivia son, en este orden, los pa\u00edses con m\u00e1s casos en general, pero si se consideran los casos de dengue severo \u2013que puede conducir a la muerte\u2013 el tercer lugar lo ocupa Colombia.<\/p>\n<p style=\"text-align: justify;\">Seg\u00fan un informe epidemiol\u00f3gico publicado ayer por la OMS en Ginebra, entre el 12 de junio y el 1 de julio se observ\u00f3 una disminuci\u00f3n de casos en las subregiones del Cono Sur y de los pa\u00edses andinos, lo que se atribuye a la aplicaci\u00f3n de medidas de control y al cambio de la temperatura y del clima.<\/p>\n<p style=\"text-align: justify;\">No obstante, la OMS sostuvo que se sabe que hay un retraso en la notificaci\u00f3n de casos de los pa\u00edses de Centroam\u00e9rica y el Caribe.<\/p>\n<p style=\"text-align: justify;\">De los casos totales de dengue reportados en Am\u00e9rica, 45% corresponden a confirmados en laboratorio y el 0,13% han sido clasificados dengue severo.<\/p>\n<p style=\"text-align: justify;\">Desde principios de 2023, se han registrado 1.302 muertes por esta enfermedad infecciosa en Am\u00e9rica, lo que refleja una tasa de mortalidad de 0,04 %.<\/p>\n<p style=\"text-align: justify;\">La OMS dijo que los pa\u00edses deben centrar sus esfuerzos de prevenci\u00f3n de muertes en la detecci\u00f3n temprana de casos, el diagn\u00f3stico y el control del virus, lo que requiere entrenar al personal sanitario para que sea capaz de identificar r\u00e1pidamente los casos y posibles complicaciones.<\/p>\n<p style=\"text-align: justify;\"><b>M\u00c1S CASOS<\/b><\/p>\n<p style=\"text-align: justify;\">Brasil, Per\u00fa y Bolivia son, en este orden, los pa\u00edses con m\u00e1s casos en general, pero si se consideran los casos de dengue severo, que puede conducir a la muerte.<\/p>\n<p style=\"text-align: justify;\"><strong>Gripe aviar\u00a0en gatos<\/strong><\/p>\n<p style=\"text-align: justify;\">La OMS dijo ayer que el reciente brote de gripe aviar en 29 gatos infectados en Polonia es una muestra de que se requiere mayor preparaci\u00f3n con \u201cvacunas experimentales\u201d para evitar posibles casos de transmisi\u00f3n entre seres humanos.<\/p>\n<p style=\"text-align: justify;\">Para fabricar estas vacunas, se utilizan virus candidatos para vacunas que tienen la antigenicidad requerida para igualar las cepas circulantes del virus.<\/p>\n<p style=\"text-align: justify;\">\u201cSi el virus se convierte en algo altamente transmisible entre humanos, es necesario que tengamos algo para poder responder\u201d, se\u00f1al\u00f3 en una rueda de prensa la directora del Programa Global contra la Gripe Aviar, la doctora Wenqing Zhang.<\/p>\n<p style=\"text-align: justify;\">Por su parte, el director general de la OMS, Tedros Adhanom Ghebreyesus, dijo que \u201chasta ahora ning\u00fan contacto humano (con los gatos infectados) ha notificado s\u00edntomas y el periodo de vigilancia de todos los casos ha concluido\u201d.<\/p>\n<p style=\"text-align: justify;\">No obstante, record\u00f3 que el de Polonia es el primer episodio con un n\u00famero tan elevado de animales infectados por el virus H5N1 de la gripe aviar en una amplia zona geogr\u00e1fica.<\/p>\n","protected":false},"excerpt":{"rendered":"<p>La Organizaci\u00f3n Mundial de la Salud (OMS) pidi\u00f3 ayer, mi\u00e9rcoles, a los gobiernos de los pa\u00edses americanos \u201cestar extremadamente alertas y preparados\u201d para intensificar las acciones dirigidas a controlar la expansi\u00f3n del dengue, ya que se puede prever \u201cun aumento de casos en la segunda mitad de 2023\u201d. La organizaci\u00f3n recomend\u00f3 como una medida de [&hellip;]<\/p>\n","protected":false},"author":4,"featured_media":54660,"comment_status":"open","ping_status":"closed","sticky":false,"template":"","format":"standard","meta":{"footnotes":""},"categories":[53],"tags":[],"class_list":{"0":"post-54659","1":"post","2":"type-post","3":"status-publish","4":"format-standard","5":"has-post-thumbnail","7":"category-salud"},"_links":{"self":[{"href":"https:\/\/jms.com.bo\/mediamonitor\/wp-json\/wp\/v2\/posts\/54659","targetHints":{"allow":["GET"]}}],"collection":[{"href":"https:\/\/jms.com.bo\/mediamonitor\/wp-json\/wp\/v2\/posts"}],"about":[{"href":"https:\/\/jms.com.bo\/mediamonitor\/wp-json\/wp\/v2\/types\/post"}],"author":[{"embeddable":true,"href":"https:\/\/jms.com.bo\/mediamonitor\/wp-json\/wp\/v2\/users\/4"}],"replies":[{"embeddable":true,"href":"https:\/\/jms.com.bo\/mediamonitor\/wp-json\/wp\/v2\/comments?post=54659"}],"version-history":[{"count":0,"href":"https:\/\/jms.com.bo\/mediamonitor\/wp-json\/wp\/v2\/posts\/54659\/revisions"}],"wp:featuredmedia":[{"embeddable":true,"href":"https:\/\/jms.com.bo\/mediamonitor\/wp-json\/wp\/v2\/media\/54660"}],"wp:attachment":[{"href":"https:\/\/jms.com.bo\/mediamonitor\/wp-json\/wp\/v2\/media?parent=54659"}],"wp:term":[{"taxonomy":"category","embeddable":true,"href":"https:\/\/jms.com.bo\/mediamonitor\/wp-json\/wp\/v2\/categories?post=54659"},{"taxonomy":"post_tag","embeddable":true,"href":"https:\/\/jms.com.bo\/mediamonitor\/wp-json\/wp\/v2\/tags?post=54659"}],"curies":[{"name":"wp","href":"https:\/\/api.w.org\/{rel}","templated":true}]}}