{"id":54663,"date":"2023-07-21T06:45:44","date_gmt":"2023-07-21T10:45:44","guid":{"rendered":"https:\/\/jms.com.bo\/mediamonitor\/2023\/07\/21\/transfieren-bs-3-8-millones-a-productores-de-ganado-camelido\/"},"modified":"2023-07-21T06:45:44","modified_gmt":"2023-07-21T10:45:44","slug":"transfieren-bs-3-8-millones-a-productores-de-ganado-camelido","status":"publish","type":"post","link":"https:\/\/jms.com.bo\/mediamonitor\/2023\/07\/21\/transfieren-bs-3-8-millones-a-productores-de-ganado-camelido\/","title":{"rendered":"Transfieren Bs 3.8 millones a productores de ganado cam\u00e9lido"},"content":{"rendered":"<p style=\"text-align: justify;\">El Programa Pro-Cam\u00e9lidos, entidad dependiente del Ministerio de Desarrollo Rural, suscribi\u00f3 convenios de financiamiento para 22 comunidades de los municipios de Caquiaviri, Calacoto, Catacora, Chara\u00f1a, San Andr\u00e9s de Machaca y Santiago de Machaca, por un valor de 3.854.958 bolivianos, recursos que ser\u00e1n destinados a la ejecuci\u00f3n de 16 proyectos comunales y 6 planes de negocio, y beneficia a 469 familias productoras y transformadoras de ganado cam\u00e9lido de zonas fronterizas del departamento de La Paz.<\/p>\n<p style=\"text-align: justify;\">El ministro de Desarrollo Rural y Tierras, Remmy Gonz\u00e1les Atila, inform\u00f3 que van por la construcci\u00f3n de todo un complejo productivo de cam\u00e9lidos, donde se aprovechar\u00e1 la fibra, la carne y hasta los huesos; por tanto, tenemos que aumentar la producci\u00f3n y sobrepasar las 180 mil cabezas de ganado cam\u00e9lido en departamento de la Paz y el medio mill\u00f3n a nivel nacional\u201d.<\/p>\n<p style=\"text-align: justify;\">En ese marco, la autoridad anunci\u00f3 que habiendo concluido sus objetivos el programa Pro-Cam\u00e9lidos, est\u00e1 en curso otro proyecto con m\u00e1s componentes con fines de industrializaci\u00f3n del rubro por su alta demanda en mercados internacionales, y para ello se est\u00e1 contemplando un ac\u00e1pite de inseminaci\u00f3n artificial, a fin de acelerar la reproducci\u00f3n de los animales, adem\u00e1s de un m\u00f3dulo de asistencia y capacitaci\u00f3n a los productores.<\/p>\n<p style=\"text-align: justify;\">Por su parte, el coordinador nacional del Programa Pro-Cam\u00e9lidos, Roberto Bonifacio Monta\u00f1o, mencion\u00f3 que se trabaja con nueve municipios potencialmente productivos en la crianza de ganado cam\u00e9lido.<\/p>\n<p style=\"text-align: justify;\">Indic\u00f3 que la inversi\u00f3n que se realiza en el departamento de La Paz permitir\u00e1 mejorar la producci\u00f3n de ganado y la econom\u00eda de los productores, \u201cestas inversiones permitir\u00e1n brindar condiciones de crianza e infraestructuras productivas para poder garantizar el bienestar animal, con la asistencia t\u00e9cnica precautelar los \u00edndices productivos, tambi\u00e9n, estamos comprometiendo recursos en el procesamiento de las prendas en fibra de llama y alpaca\u201d, destac\u00f3 Bonifacio.<\/p>\n<p style=\"text-align: justify;\">Ricardina Mullisaca, proveniente de comunidad de Chulloncayani, situado en el hito 35 de la zona fronteriza con Per\u00fa, dijo con su cerco van a cuidar su pasto para el alimento de las llamas, y los recursos apoyar\u00e1n esta iniciativa.<\/p>\n<p style=\"text-align: justify;\">Cabe remarcar que la transferencia de los recursos a las familias productoras coadyuvar\u00e1 en la implementaci\u00f3n de corrales m\u00f3viles que favorecen el manejo y la mejora de oferta alimenticia para el ganado cam\u00e9lido; la implementaci\u00f3n de cercos que contribuyen a la mejora de la alimentaci\u00f3n del ganado a partir de la recuperaci\u00f3n y conservaci\u00f3n de praderas nativas; la introducci\u00f3n de reproductores de llamas y alpacas junto a los corrales de empadre contribuir\u00e1n a mejorar el manejo reproductivo del ganado.<\/p>\n","protected":false},"excerpt":{"rendered":"<p>El Programa Pro-Cam\u00e9lidos, entidad dependiente del Ministerio de Desarrollo Rural, suscribi\u00f3 convenios de financiamiento para 22 comunidades de los municipios de Caquiaviri, Calacoto, Catacora, Chara\u00f1a, San Andr\u00e9s de Machaca y Santiago de Machaca, por un valor de 3.854.958 bolivianos, recursos que ser\u00e1n destinados a la ejecuci\u00f3n de 16 proyectos comunales y 6 planes de negocio, [&hellip;]<\/p>\n","protected":false},"author":4,"featured_media":54664,"comment_status":"open","ping_status":"closed","sticky":false,"template":"","format":"standard","meta":{"footnotes":""},"categories":[52],"tags":[],"class_list":{"0":"post-54663","1":"post","2":"type-post","3":"status-publish","4":"format-standard","5":"has-post-thumbnail","7":"category-alimentos-agroindustria"},"_links":{"self":[{"href":"https:\/\/jms.com.bo\/mediamonitor\/wp-json\/wp\/v2\/posts\/54663","targetHints":{"allow":["GET"]}}],"collection":[{"href":"https:\/\/jms.com.bo\/mediamonitor\/wp-json\/wp\/v2\/posts"}],"about":[{"href":"https:\/\/jms.com.bo\/mediamonitor\/wp-json\/wp\/v2\/types\/post"}],"author":[{"embeddable":true,"href":"https:\/\/jms.com.bo\/mediamonitor\/wp-json\/wp\/v2\/users\/4"}],"replies":[{"embeddable":true,"href":"https:\/\/jms.com.bo\/mediamonitor\/wp-json\/wp\/v2\/comments?post=54663"}],"version-history":[{"count":0,"href":"https:\/\/jms.com.bo\/mediamonitor\/wp-json\/wp\/v2\/posts\/54663\/revisions"}],"wp:featuredmedia":[{"embeddable":true,"href":"https:\/\/jms.com.bo\/mediamonitor\/wp-json\/wp\/v2\/media\/54664"}],"wp:attachment":[{"href":"https:\/\/jms.com.bo\/mediamonitor\/wp-json\/wp\/v2\/media?parent=54663"}],"wp:term":[{"taxonomy":"category","embeddable":true,"href":"https:\/\/jms.com.bo\/mediamonitor\/wp-json\/wp\/v2\/categories?post=54663"},{"taxonomy":"post_tag","embeddable":true,"href":"https:\/\/jms.com.bo\/mediamonitor\/wp-json\/wp\/v2\/tags?post=54663"}],"curies":[{"name":"wp","href":"https:\/\/api.w.org\/{rel}","templated":true}]}}