{"id":54665,"date":"2023-07-21T06:47:02","date_gmt":"2023-07-21T10:47:02","guid":{"rendered":"https:\/\/jms.com.bo\/mediamonitor\/2023\/07\/21\/levantan-el-bloqueo-en-portachuelo-la-ruta-al-norte-esta-expedita\/"},"modified":"2023-07-21T06:47:02","modified_gmt":"2023-07-21T10:47:02","slug":"levantan-el-bloqueo-en-portachuelo-la-ruta-al-norte-esta-expedita","status":"publish","type":"post","link":"https:\/\/jms.com.bo\/mediamonitor\/2023\/07\/21\/levantan-el-bloqueo-en-portachuelo-la-ruta-al-norte-esta-expedita\/","title":{"rendered":"Levantan el bloqueo en Portachuelo, la ruta al norte est\u00e1 expedita"},"content":{"rendered":"<p style=\"text-align: justify;\">Tras acuerdos con las autoridades, los pobladores de Portachuelo levantaron el bloqueo de la carretera que une a Santa Cruz con Cochabamba. Entre lo pactado, est\u00e1 el compromiso del alcalde de entregar el desayuno escolar desde agosto.<\/p>\n<p style=\"text-align: justify;\">Soledad Prado, corresponsal de EL DEBER en esa localidad, inform\u00f3 que miembros de Control Social y el diputado de la C-57, Daniel Rojas, confirmaron, desde el punto de bloqueo, que se lograron acuerdos importantes para levantar la medida de presi\u00f3n.<\/p>\n<p style=\"text-align: justify;\">\u00abSobre la solicitud de paralizaci\u00f3n de proceso iniciado contra dirigentes de Control Social, el Ministerio P\u00fablico rechaz\u00f3 la denuncia interpuesta por el alcalde Jhimmy Carlos Hurtado Sandoval, por la presunta comisi\u00f3n de atribuirse los derechos del pueblo e instigacion p\u00fablica a delinquir\u00bb, indicaron.<\/p>\n<p style=\"text-align: justify;\">Esta denuncia fue interpuesta en febrero pasado en contra de algunos miembros del Control Social. \u201cHemos pedido a la Fiscal\u00eda que cumpla la normativa y ha rechazado esta denuncia\u201d, asever\u00f3 el diputado.<\/p>\n<p style=\"text-align: justify;\">En cuanto a la demanda del desayuno escolar, el presidente del Control Social, Carlos Herrera, detall\u00f3 que se ser\u00e1 entregado a partir de la primera semana de agosto.<\/p>\n<p style=\"text-align: justify;\">\u201cCon nuestros padres de familia haremos seguimiento al compromiso que firm\u00f3 el alcalde y, si no lo cumple, tomaremos la Alcald\u00eda\u201d, advirti\u00f3 Herrera.<\/p>\n<p style=\"text-align: justify;\">Con estos acuerdos levantaron la medida de presi\u00f3n instalada la ma\u00f1ana de este mi\u00e9rcoles, 19 de julio.<\/p>\n","protected":false},"excerpt":{"rendered":"<p>Tras acuerdos con las autoridades, los pobladores de Portachuelo levantaron el bloqueo de la carretera que une a Santa Cruz con Cochabamba. Entre lo pactado, est\u00e1 el compromiso del alcalde de entregar el desayuno escolar desde agosto. Soledad Prado, corresponsal de EL DEBER en esa localidad, inform\u00f3 que miembros de Control Social y el diputado [&hellip;]<\/p>\n","protected":false},"author":4,"featured_media":54666,"comment_status":"open","ping_status":"closed","sticky":false,"template":"","format":"standard","meta":{"footnotes":""},"categories":[49],"tags":[],"class_list":{"0":"post-54665","1":"post","2":"type-post","3":"status-publish","4":"format-standard","5":"has-post-thumbnail","7":"category-social"},"_links":{"self":[{"href":"https:\/\/jms.com.bo\/mediamonitor\/wp-json\/wp\/v2\/posts\/54665","targetHints":{"allow":["GET"]}}],"collection":[{"href":"https:\/\/jms.com.bo\/mediamonitor\/wp-json\/wp\/v2\/posts"}],"about":[{"href":"https:\/\/jms.com.bo\/mediamonitor\/wp-json\/wp\/v2\/types\/post"}],"author":[{"embeddable":true,"href":"https:\/\/jms.com.bo\/mediamonitor\/wp-json\/wp\/v2\/users\/4"}],"replies":[{"embeddable":true,"href":"https:\/\/jms.com.bo\/mediamonitor\/wp-json\/wp\/v2\/comments?post=54665"}],"version-history":[{"count":0,"href":"https:\/\/jms.com.bo\/mediamonitor\/wp-json\/wp\/v2\/posts\/54665\/revisions"}],"wp:featuredmedia":[{"embeddable":true,"href":"https:\/\/jms.com.bo\/mediamonitor\/wp-json\/wp\/v2\/media\/54666"}],"wp:attachment":[{"href":"https:\/\/jms.com.bo\/mediamonitor\/wp-json\/wp\/v2\/media?parent=54665"}],"wp:term":[{"taxonomy":"category","embeddable":true,"href":"https:\/\/jms.com.bo\/mediamonitor\/wp-json\/wp\/v2\/categories?post=54665"},{"taxonomy":"post_tag","embeddable":true,"href":"https:\/\/jms.com.bo\/mediamonitor\/wp-json\/wp\/v2\/tags?post=54665"}],"curies":[{"name":"wp","href":"https:\/\/api.w.org\/{rel}","templated":true}]}}