{"id":54667,"date":"2023-07-21T06:49:21","date_gmt":"2023-07-21T10:49:21","guid":{"rendered":"https:\/\/jms.com.bo\/mediamonitor\/2023\/07\/21\/magisterio-urbano-decide-comenzar-movilizaciones\/"},"modified":"2023-07-21T06:49:21","modified_gmt":"2023-07-21T10:49:21","slug":"magisterio-urbano-decide-comenzar-movilizaciones","status":"publish","type":"post","link":"https:\/\/jms.com.bo\/mediamonitor\/2023\/07\/21\/magisterio-urbano-decide-comenzar-movilizaciones\/","title":{"rendered":"Magisterio urbano decide comenzar movilizaciones"},"content":{"rendered":"<p style=\"text-align: justify;\">En una asamblea general desarrollada ayer, jueves, el magisterio urbano de Chuquisaca determin\u00f3 iniciar movilizaciones desde la pr\u00f3xima semana en demanda del ascenso de categor\u00eda autom\u00e1tico debido que consideran que el examen es \u201cma\u00f1oso y tramposo\u201d.<\/p>\n<p style=\"text-align: justify;\">\u201cLo que queremos es que se respete el reglamento de escalaf\u00f3n, que en su art\u00edculo 42 dice que los maestros tienen derecho al ascenso autom\u00e1tico. En consecuencia, eso es lo que estamos pidiendo ahora\u201d, afirm\u00f3 anoche a CORREO DEL SUR el secretario ejecutivo de la Federaci\u00f3n de Trabajadores en Educaci\u00f3n Urbana del departamento, Efra\u00edn Villalpando.<\/p>\n<p style=\"text-align: justify;\">El dirigente revel\u00f3 que en la asamblea general varios profesores denunciaron amedrentamientos a la hora del ingreso a los recintos donde se tom\u00f3 la prueba de ascenso de categor\u00eda el pasado s\u00e1bado.<\/p>\n<p style=\"text-align: justify;\">En Chuquisaca rindieron el examen 3.040 profesores, entre urbanos y rurales, en tres sedes: Sucre, Camargo y Monteagudo.<\/p>\n<p style=\"text-align: justify;\">\u201cDesde un inicio del examen han sido amedrentados.<\/p>\n<p style=\"text-align: justify;\">Ha habido mucho abuso de parte de las autoridades educativas, les han requisado como si fueran antisociales nuestros colegas, provocando estr\u00e9s y desconcentraci\u00f3n\u201d, denunci\u00f3 Villalpando.<\/p>\n<p style=\"text-align: justify;\">Reiter\u00f3 que la evaluaci\u00f3n es \u201cuna trampa\u201d del Ministerio de Educaci\u00f3n para \u201ccernir\u201d a los maestros y evitar que accedan al bono de antig\u00fcedad.<\/p>\n<p style=\"text-align: justify;\">\u201cLas preguntas est\u00e1n preparadas de forma tramposa y ma\u00f1osa. Est\u00e1n totalmente mezcladas: o sea preguntas de primaria est\u00e1n en el examen para los maestros de secundaria, y viceversa. En todos los niveles hab\u00eda preguntas de educaci\u00f3n alternativa y mal formuladas\u201d, agreg\u00f3.<\/p>\n<p style=\"text-align: justify;\">En ese sentido, Villalpando dijo que determinaron iniciar movilizaciones desde la pr\u00f3xima semana en Sucre, rechazando el examen y exigiendo el ascenso de categor\u00eda de manera autom\u00e1tica: \u201cLa asamblea general ha determinado comenzar movilizaciones desde el mi\u00e9rcoles de la siguiente semana\u201d.<\/p>\n<p style=\"text-align: justify;\">Agreg\u00f3 que conminaron a los dirigentes de la Confederaci\u00f3n de Maestros Urbanos de Bolivia, a la que acusan de haber avalado el examen, a convocar a una conferencia nacional extraordinaria de emergencia para empezar movilizaciones en todo el pa\u00eds.<\/p>\n<p style=\"text-align: justify;\">\u201cNos sentimos discriminados por que todos los sectores, sin dar ning\u00fan examen, tienen su bono de antig\u00fcedad\u201d, enfatiz\u00f3 Villalpando.<\/p>\n<p style=\"text-align: justify;\">LA PAZ<\/p>\n<p style=\"text-align: justify;\">Este viernes, a las 9:00, el magisterio urbano pace\u00f1o realizar\u00e1 un mitin de protesta en el frontis del Ministerio de Educaci\u00f3n en apoyo a los maestros que reprobaron el examen de ascenso de categor\u00eda.<\/p>\n","protected":false},"excerpt":{"rendered":"<p>En una asamblea general desarrollada ayer, jueves, el magisterio urbano de Chuquisaca determin\u00f3 iniciar movilizaciones desde la pr\u00f3xima semana en demanda del ascenso de categor\u00eda autom\u00e1tico debido que consideran que el examen es \u201cma\u00f1oso y tramposo\u201d. \u201cLo que queremos es que se respete el reglamento de escalaf\u00f3n, que en su art\u00edculo 42 dice que los [&hellip;]<\/p>\n","protected":false},"author":4,"featured_media":54668,"comment_status":"open","ping_status":"closed","sticky":false,"template":"","format":"standard","meta":{"footnotes":""},"categories":[49],"tags":[],"class_list":{"0":"post-54667","1":"post","2":"type-post","3":"status-publish","4":"format-standard","5":"has-post-thumbnail","7":"category-social"},"_links":{"self":[{"href":"https:\/\/jms.com.bo\/mediamonitor\/wp-json\/wp\/v2\/posts\/54667","targetHints":{"allow":["GET"]}}],"collection":[{"href":"https:\/\/jms.com.bo\/mediamonitor\/wp-json\/wp\/v2\/posts"}],"about":[{"href":"https:\/\/jms.com.bo\/mediamonitor\/wp-json\/wp\/v2\/types\/post"}],"author":[{"embeddable":true,"href":"https:\/\/jms.com.bo\/mediamonitor\/wp-json\/wp\/v2\/users\/4"}],"replies":[{"embeddable":true,"href":"https:\/\/jms.com.bo\/mediamonitor\/wp-json\/wp\/v2\/comments?post=54667"}],"version-history":[{"count":0,"href":"https:\/\/jms.com.bo\/mediamonitor\/wp-json\/wp\/v2\/posts\/54667\/revisions"}],"wp:featuredmedia":[{"embeddable":true,"href":"https:\/\/jms.com.bo\/mediamonitor\/wp-json\/wp\/v2\/media\/54668"}],"wp:attachment":[{"href":"https:\/\/jms.com.bo\/mediamonitor\/wp-json\/wp\/v2\/media?parent=54667"}],"wp:term":[{"taxonomy":"category","embeddable":true,"href":"https:\/\/jms.com.bo\/mediamonitor\/wp-json\/wp\/v2\/categories?post=54667"},{"taxonomy":"post_tag","embeddable":true,"href":"https:\/\/jms.com.bo\/mediamonitor\/wp-json\/wp\/v2\/tags?post=54667"}],"curies":[{"name":"wp","href":"https:\/\/api.w.org\/{rel}","templated":true}]}}