{"id":54669,"date":"2023-07-21T06:50:56","date_gmt":"2023-07-21T10:50:56","guid":{"rendered":"https:\/\/jms.com.bo\/mediamonitor\/2023\/07\/21\/con-una-alfombra-humana-protestan-los-trabajadores-del-hospital-san-juan-de-dios-frente-a-la-gobernacion\/"},"modified":"2023-07-21T06:50:56","modified_gmt":"2023-07-21T10:50:56","slug":"con-una-alfombra-humana-protestan-los-trabajadores-del-hospital-san-juan-de-dios-frente-a-la-gobernacion","status":"publish","type":"post","link":"https:\/\/jms.com.bo\/mediamonitor\/2023\/07\/21\/con-una-alfombra-humana-protestan-los-trabajadores-del-hospital-san-juan-de-dios-frente-a-la-gobernacion\/","title":{"rendered":"Con una alfombra humana protestan los trabajadores del hospital San Juan de Dios frente a la Gobernaci\u00f3n"},"content":{"rendered":"<p style=\"text-align: justify;\">Trabajadores del hospital San Juan de Dios encontraron una manera particular de reclamar. Hicieron una alfombra humana, justo en el frontis de la Gobernaci\u00f3n. Exigen mejores condiciones laborales para la atenci\u00f3n de los pacientes en ese nosocomio de tercer nivel.<\/p>\n<p style=\"text-align: justify;\">Seg\u00fan los trabajadores, no cuentan con equipos, reactivos ni medicamentos para proveer a los pacientes que acuden a este centro hospitalario.<\/p>\n<p style=\"text-align: justify;\">\u00abNosotros sabemos que desde abril ya lleg\u00f3, por eso las mismas autoridades afirmaron que se est\u00e1n dando curso a las inversiones en los hospitales de tercer nivel. Sin embargo, sus soluciones son solo parches; ellos hablan de una inversi\u00f3n de Bs 100.000 en refacci\u00f3n, pero la situaci\u00f3n interna del hospital es otra\u00bb, afirm\u00f3 Cleotilde L\u00f3pez, dirigente de los trabajadores.<\/p>\n<p style=\"text-align: justify;\">Agreg\u00f3 que est\u00e1n a los pies de la Gobernaci\u00f3n, para que sus autoridades respondan a las necesidades del sector.<\/p>\n<p style=\"text-align: justify;\">\u00abEllos solo cuentan las horas que se ha paralizado las actividades en la instituci\u00f3n, cuando deber\u00edan dedicarse a resolver los problemas reales. Eso solo demuestra su incapacidad\u00bb, aseveraron los trabajadores que estaban boca abajo frente al edificio del Gobierno Departamental de Santa Cruz.<\/p>\n<p style=\"text-align: justify;\">Hace unos 15 d\u00edas, el mismo centro hospitalario registr\u00f3 otro paro de 72 horas, por las mismas demandas. En ese entonces, el secretario departamental de Salud, Edil Toledo, asegur\u00f3 que se agotaron todas las instancias con los trabajadores, pero no se logr\u00f3 un acuerdo para frenar la medida.<\/p>\n<p style=\"text-align: justify;\">\u201cSon m\u00e1s de 42 paros (en el transcurso de dos meses) que se han hecho en el San Juan de Dios y la poblaci\u00f3n es testigo de eso. Nos preocupa de verdad. Pido la conciencia de la secretaria de base y los trabajadores, porque no puede ser que en dos a\u00f1os haya hecho esta cantidad de paros\u201d, sostuvo Toledo.<\/p>\n","protected":false},"excerpt":{"rendered":"<p>Trabajadores del hospital San Juan de Dios encontraron una manera particular de reclamar. Hicieron una alfombra humana, justo en el frontis de la Gobernaci\u00f3n. Exigen mejores condiciones laborales para la atenci\u00f3n de los pacientes en ese nosocomio de tercer nivel. Seg\u00fan los trabajadores, no cuentan con equipos, reactivos ni medicamentos para proveer a los pacientes [&hellip;]<\/p>\n","protected":false},"author":4,"featured_media":54670,"comment_status":"open","ping_status":"closed","sticky":false,"template":"","format":"standard","meta":{"footnotes":""},"categories":[49],"tags":[],"class_list":{"0":"post-54669","1":"post","2":"type-post","3":"status-publish","4":"format-standard","5":"has-post-thumbnail","7":"category-social"},"_links":{"self":[{"href":"https:\/\/jms.com.bo\/mediamonitor\/wp-json\/wp\/v2\/posts\/54669","targetHints":{"allow":["GET"]}}],"collection":[{"href":"https:\/\/jms.com.bo\/mediamonitor\/wp-json\/wp\/v2\/posts"}],"about":[{"href":"https:\/\/jms.com.bo\/mediamonitor\/wp-json\/wp\/v2\/types\/post"}],"author":[{"embeddable":true,"href":"https:\/\/jms.com.bo\/mediamonitor\/wp-json\/wp\/v2\/users\/4"}],"replies":[{"embeddable":true,"href":"https:\/\/jms.com.bo\/mediamonitor\/wp-json\/wp\/v2\/comments?post=54669"}],"version-history":[{"count":0,"href":"https:\/\/jms.com.bo\/mediamonitor\/wp-json\/wp\/v2\/posts\/54669\/revisions"}],"wp:featuredmedia":[{"embeddable":true,"href":"https:\/\/jms.com.bo\/mediamonitor\/wp-json\/wp\/v2\/media\/54670"}],"wp:attachment":[{"href":"https:\/\/jms.com.bo\/mediamonitor\/wp-json\/wp\/v2\/media?parent=54669"}],"wp:term":[{"taxonomy":"category","embeddable":true,"href":"https:\/\/jms.com.bo\/mediamonitor\/wp-json\/wp\/v2\/categories?post=54669"},{"taxonomy":"post_tag","embeddable":true,"href":"https:\/\/jms.com.bo\/mediamonitor\/wp-json\/wp\/v2\/tags?post=54669"}],"curies":[{"name":"wp","href":"https:\/\/api.w.org\/{rel}","templated":true}]}}