{"id":54671,"date":"2023-07-21T06:52:25","date_gmt":"2023-07-21T10:52:25","guid":{"rendered":"https:\/\/jms.com.bo\/mediamonitor\/2023\/07\/21\/tarija-y-turquia-trabajaran-programas-de-cooperacion\/"},"modified":"2023-07-21T06:52:25","modified_gmt":"2023-07-21T10:52:25","slug":"tarija-y-turquia-trabajaran-programas-de-cooperacion","status":"publish","type":"post","link":"https:\/\/jms.com.bo\/mediamonitor\/2023\/07\/21\/tarija-y-turquia-trabajaran-programas-de-cooperacion\/","title":{"rendered":"Tarija y Turqu\u00eda trabajar\u00e1n programas de cooperaci\u00f3n"},"content":{"rendered":"<p style=\"text-align: justify;\">Tras el encuentro sostenido entre el alcalde de Tarija, Johnny Torres, y el embajador de Turqu\u00eda en Bolivia, Ertan Yalcin, ambas autoridades acordaron consolidar un hermanamiento para poder acceder a programas de la cooperaci\u00f3n de Turqu\u00eda, que permitan la ejecuci\u00f3n de proyectos, intercambio de tecnolog\u00eda y fomento del modelo agroproductivo como alternativa de desarrollo para la ciudad de Tarija.<\/p>\n<p style=\"text-align: justify;\">Yalcin arrib\u00f3 a la capital chapaca el pasado jueves y fue recibido por el alcalde Torres en los ambientes del Gobierno Municipal, quien lo nombr\u00f3 hu\u00e9sped ilustre de la ciudad de Tarija mediante una ordenanza emitida por el Concejo Municipal. El diplom\u00e1tico expres\u00f3 su deseo de trabajar con el Gobierno Aut\u00f3nomo Municipal, por lo que se comenzar\u00e1n a evaluar una serie de alternativas para establecer programas y proyectos.<\/p>\n<p style=\"text-align: justify;\">\u201cEstoy muy contento y agradecido por el recibimiento en Tarija. Querido Alcalde nuestro deseo es de trabajar con todas las regiones de Bolivia, ya vimos varias \u00e1reas en las que podemos trabajar v\u00eda cooperaci\u00f3n. Me enter\u00e9 que las novelas turcas en Bolivia son muy vistas y eso nos despierta un inter\u00e9s cultural y podemos trabajar en centros de capacitaci\u00f3n para que podamos ense\u00f1arles nuestro idioma y viceversa\u201d, declar\u00f3 Yalcin.<\/p>\n<p style=\"text-align: justify;\">A su turno, Torres destac\u00f3 la experticia que tiene Turqu\u00eda en la producci\u00f3n agr\u00edcola de alto valor comercial, por lo que se podr\u00eda adaptar y mejorar el programa que impulsa la Alcald\u00eda en lo que respecta a la reconversi\u00f3n productiva y la agroindustria, lo que posibilitar\u00eda la consolidaci\u00f3n de cadenas productivas similares a la dela uva, vinos y singanis y as\u00ed superar la dependencia econ\u00f3mica de los hidrocarburos.<\/p>\n","protected":false},"excerpt":{"rendered":"<p>Tras el encuentro sostenido entre el alcalde de Tarija, Johnny Torres, y el embajador de Turqu\u00eda en Bolivia, Ertan Yalcin, ambas autoridades acordaron consolidar un hermanamiento para poder acceder a programas de la cooperaci\u00f3n de Turqu\u00eda, que permitan la ejecuci\u00f3n de proyectos, intercambio de tecnolog\u00eda y fomento del modelo agroproductivo como alternativa de desarrollo para [&hellip;]<\/p>\n","protected":false},"author":4,"featured_media":54672,"comment_status":"open","ping_status":"closed","sticky":false,"template":"","format":"standard","meta":{"footnotes":""},"categories":[20],"tags":[],"class_list":{"0":"post-54671","1":"post","2":"type-post","3":"status-publish","4":"format-standard","5":"has-post-thumbnail","7":"category-actualidad"},"_links":{"self":[{"href":"https:\/\/jms.com.bo\/mediamonitor\/wp-json\/wp\/v2\/posts\/54671","targetHints":{"allow":["GET"]}}],"collection":[{"href":"https:\/\/jms.com.bo\/mediamonitor\/wp-json\/wp\/v2\/posts"}],"about":[{"href":"https:\/\/jms.com.bo\/mediamonitor\/wp-json\/wp\/v2\/types\/post"}],"author":[{"embeddable":true,"href":"https:\/\/jms.com.bo\/mediamonitor\/wp-json\/wp\/v2\/users\/4"}],"replies":[{"embeddable":true,"href":"https:\/\/jms.com.bo\/mediamonitor\/wp-json\/wp\/v2\/comments?post=54671"}],"version-history":[{"count":0,"href":"https:\/\/jms.com.bo\/mediamonitor\/wp-json\/wp\/v2\/posts\/54671\/revisions"}],"wp:featuredmedia":[{"embeddable":true,"href":"https:\/\/jms.com.bo\/mediamonitor\/wp-json\/wp\/v2\/media\/54672"}],"wp:attachment":[{"href":"https:\/\/jms.com.bo\/mediamonitor\/wp-json\/wp\/v2\/media?parent=54671"}],"wp:term":[{"taxonomy":"category","embeddable":true,"href":"https:\/\/jms.com.bo\/mediamonitor\/wp-json\/wp\/v2\/categories?post=54671"},{"taxonomy":"post_tag","embeddable":true,"href":"https:\/\/jms.com.bo\/mediamonitor\/wp-json\/wp\/v2\/tags?post=54671"}],"curies":[{"name":"wp","href":"https:\/\/api.w.org\/{rel}","templated":true}]}}