{"id":54675,"date":"2023-07-21T06:54:52","date_gmt":"2023-07-21T10:54:52","guid":{"rendered":"https:\/\/jms.com.bo\/mediamonitor\/2023\/07\/21\/asamblea-departamental-de-la-paz-dice-que-mas-de-80-dragas-mineras-operan-en-rios-pacenos\/"},"modified":"2023-07-21T06:54:52","modified_gmt":"2023-07-21T10:54:52","slug":"asamblea-departamental-de-la-paz-dice-que-mas-de-80-dragas-mineras-operan-en-rios-pacenos","status":"publish","type":"post","link":"https:\/\/jms.com.bo\/mediamonitor\/2023\/07\/21\/asamblea-departamental-de-la-paz-dice-que-mas-de-80-dragas-mineras-operan-en-rios-pacenos\/","title":{"rendered":"Asamblea Departamental de La Paz dice que m\u00e1s de 80 dragas mineras operan en r\u00edos pace\u00f1os"},"content":{"rendered":"<p style=\"text-align: justify;\">La Comisi\u00f3n de Madre Tierra y Medio Ambiente de la Asamblea Departamental de La Paz inform\u00f3 este jueves que m\u00e1s de 80 barcazas operan explotando ilegalmente oro en los r\u00edos pace\u00f1os y pese a que enviaron informes y videos al Gobierno, nadie hace nada al respecto.<\/p>\n<p style=\"text-align: justify;\">Pidieron a las autoridades de los Ministerios de Gobierno y Miner\u00eda un operativo similar, al realizado el viernes pasado, en el norte pace\u00f1o y el Madidi.<\/p>\n<p style=\"text-align: justify;\">La asamble\u00edsta Mar\u00eda Esther G\u00f3ngora inform\u00f3 que hay m\u00e1s de 80 dragas operando en los r\u00edos Madidi, La Paz y Coroico. Adem\u00e1s, dijo, son operadas por ciudadanos chinos y colombianos, que junto a bolivianos explotan ilegalmente el oro y contaminan el medioambiente.<\/p>\n<p style=\"text-align: justify;\">\u201cHay m\u00e1s de 80 barcazas que est\u00e1n contaminando los r\u00edos con di\u00e9sel, con mercurio, es en todo el r\u00edo Madidi, La Paz y r\u00edo Coroico. Y la AJAM no dice nada. Es de hace cuatro a\u00f1os, hay lugares en los r\u00edos que ya les han dado fin, los han explotado. M\u00e1s de 200 familias se ven afectadas por estas operaciones ilegales\u201d, dijo.<\/p>\n<p style=\"text-align: justify;\">En tanto, el asamble\u00edsta Israel Alanoca mostr\u00f3 expedientes que enviaron a lo largo de varios meses a la Autoridad Jurisdiccional Administrativa Minera (AJAM) reportando al menos 30 puntos donde existe miner\u00eda ilegal en el norte pace\u00f1o. Lament\u00f3 que, hasta la fecha, no hayan recibido respuesta.<\/p>\n<p style=\"text-align: justify;\">R\u00edos<\/p>\n<p style=\"text-align: justify;\">\u201cHemos hecho m\u00e1s de 30 inspecciones en Larecaja, Caranavi, Chulumani, Guanay, Mapiri, Tipuani y remitimos informes y videos a la AJAM y no estar\u00edan realizando el trabajo que indican las normas. Son 30 puntos los que hemos detectado\u201d, dijo en conferencia de prensa.<\/p>\n<p style=\"text-align: justify;\">Asimismo, Alanoca acot\u00f3 que, si la AJAM no act\u00faa, interpondr\u00e1n acciones por incumplimiento de deberes. Mostr\u00f3 tres notas que enviaron este jueves a las autoridades de los ministerios de Gobierno, Miner\u00eda y la Fiscal\u00eda pidiendo operativos en el Norte pace\u00f1o.<\/p>\n<p style=\"text-align: justify;\">El viernes pasado un operativo contra la miner\u00eda ilegal en el r\u00edo Madre de Dios de Beni termin\u00f3 con la aprehensi\u00f3n de m\u00e1s de 50 personas y la destrucci\u00f3n de unas 27 barcazas.<\/p>\n","protected":false},"excerpt":{"rendered":"<p>La Comisi\u00f3n de Madre Tierra y Medio Ambiente de la Asamblea Departamental de La Paz inform\u00f3 este jueves que m\u00e1s de 80 barcazas operan explotando ilegalmente oro en los r\u00edos pace\u00f1os y pese a que enviaron informes y videos al Gobierno, nadie hace nada al respecto. Pidieron a las autoridades de los Ministerios de Gobierno [&hellip;]<\/p>\n","protected":false},"author":4,"featured_media":54676,"comment_status":"open","ping_status":"closed","sticky":false,"template":"","format":"standard","meta":{"footnotes":""},"categories":[20,47,48],"tags":[],"class_list":{"0":"post-54675","1":"post","2":"type-post","3":"status-publish","4":"format-standard","5":"has-post-thumbnail","7":"category-actualidad","8":"category-portada-actualidad","9":"category-portada-general-sitio"},"_links":{"self":[{"href":"https:\/\/jms.com.bo\/mediamonitor\/wp-json\/wp\/v2\/posts\/54675","targetHints":{"allow":["GET"]}}],"collection":[{"href":"https:\/\/jms.com.bo\/mediamonitor\/wp-json\/wp\/v2\/posts"}],"about":[{"href":"https:\/\/jms.com.bo\/mediamonitor\/wp-json\/wp\/v2\/types\/post"}],"author":[{"embeddable":true,"href":"https:\/\/jms.com.bo\/mediamonitor\/wp-json\/wp\/v2\/users\/4"}],"replies":[{"embeddable":true,"href":"https:\/\/jms.com.bo\/mediamonitor\/wp-json\/wp\/v2\/comments?post=54675"}],"version-history":[{"count":0,"href":"https:\/\/jms.com.bo\/mediamonitor\/wp-json\/wp\/v2\/posts\/54675\/revisions"}],"wp:featuredmedia":[{"embeddable":true,"href":"https:\/\/jms.com.bo\/mediamonitor\/wp-json\/wp\/v2\/media\/54676"}],"wp:attachment":[{"href":"https:\/\/jms.com.bo\/mediamonitor\/wp-json\/wp\/v2\/media?parent=54675"}],"wp:term":[{"taxonomy":"category","embeddable":true,"href":"https:\/\/jms.com.bo\/mediamonitor\/wp-json\/wp\/v2\/categories?post=54675"},{"taxonomy":"post_tag","embeddable":true,"href":"https:\/\/jms.com.bo\/mediamonitor\/wp-json\/wp\/v2\/tags?post=54675"}],"curies":[{"name":"wp","href":"https:\/\/api.w.org\/{rel}","templated":true}]}}