{"id":54677,"date":"2023-07-21T06:56:19","date_gmt":"2023-07-21T10:56:19","guid":{"rendered":"https:\/\/jms.com.bo\/mediamonitor\/2023\/07\/21\/familia-y-defensa-de-camacho-se-refieren-al-trato-que-este-recibe-del-gobierno-como-tortura\/"},"modified":"2023-07-21T06:56:19","modified_gmt":"2023-07-21T10:56:19","slug":"familia-y-defensa-de-camacho-se-refieren-al-trato-que-este-recibe-del-gobierno-como-tortura","status":"publish","type":"post","link":"https:\/\/jms.com.bo\/mediamonitor\/2023\/07\/21\/familia-y-defensa-de-camacho-se-refieren-al-trato-que-este-recibe-del-gobierno-como-tortura\/","title":{"rendered":"Familia y defensa de Camacho se refieren al trato que este recibe del Gobierno como tortura"},"content":{"rendered":"<p style=\"text-align: justify;\">Luis Fernando Camacho Parada, hijo del gobernador Luis Fernando Camacho, asegur\u00f3 que \u00abest\u00e1n da\u00f1ando la salud de su padre\u00bb en la c\u00e1rcel de Chonchocoro. Asimismo, el abogado defensor asegur\u00f3 que R\u00e9gimen Penitenciario el encargado de mantener aislado a su defendido.<\/p>\n<p style=\"text-align: justify;\">\u00abLos hijos, la esposa y toda la familia del gobernador Luis Fernando Camacho agradecemos las palabras de solidaridad y preocupaci\u00f3n, tras ver la imagen de mi padre en Chonchocoro. Est\u00e1n da\u00f1ando la salud de nuestro padre\u00bb, dijo Luis Fernando hijo.<\/p>\n<p style=\"text-align: justify;\">Asimismo expres\u00f3 su rechazo a la posici\u00f3n del Gobierno, \u00abque mantiene secuestrado. \u00c9l hasta hoy nunca recibi\u00f3 una atenci\u00f3n de salud adecuada. Fue secuestrado sin consideraci\u00f3n (a) que padece una enfermedad de base\u00bb.<\/p>\n<p style=\"text-align: justify;\">Estas declaraciones se dan un d\u00eda despu\u00e9s de que el gobernador de Santa Cruz, Luis Fernando Camacho, compareciera en una audiencia virtual por el caso Golpe I. En esa ocasi\u00f3n se pudo observar a la primera autoridad departamental con la salud deteriorada y visiblemente demacrado, a diferencia de la \u00faltima vez que se lo vio, tambi\u00e9n en una audiencia virtual.<\/p>\n<p style=\"text-align: justify;\">El pasado 23 de mayo, durante una audiencia de acci\u00f3n de libertad, Camacho dijo ante el juez que, desde que lleg\u00f3 al penal de Chonchocoro, perdi\u00f3 20 kilos y que pesaba 57 (en aquella ocasi\u00f3n), debido a una dieta que le hicieron los m\u00e9dicos del lugar para intentar controlarle su presi\u00f3n.<\/p>\n<p style=\"text-align: justify;\">El primog\u00e9nito de la primera autoridad del departamento de Santa Cruz, remarc\u00f3: \u00abla salud es un derecho humano y neg\u00e1rsela a un preso pol\u00edtico es equivalente a la tortura. Ayer (mi\u00e9rcoles), hemos visto al director de R\u00e9gimen Penitenciario (Juan Carlos Limpias) declarar sobre temas de nutrici\u00f3n, fisioterapia y eso solo prueba el atropello del Gobierno. \u00c9l no es nutricionista ni m\u00e9dico\u00bb.<\/p>\n<p style=\"text-align: justify;\">Es por esta situaci\u00f3n, que uno de los dos pedidos de la familia del gobernador es: \u00abuna evaluaci\u00f3n integral, en un centro especializado, por una junta m\u00e9dica, con participaci\u00f3n de especialistas designados por nuestra familia. A partir de los resultados de estos an\u00e1lisis, esperamos que el Gobierno brinde las condiciones para que la salud de nuestro padre no siga deterior\u00e1ndose\u00bb.<\/p>\n<p style=\"text-align: justify;\">La segunda exigencia es que: \u00abcomo cualquier ser humano, y como expresa la ley, reciba visitas de manera abierta sin restricciones, respetando el r\u00e9gimen de visitas. Hay muchas autoridades que piden verlo y no las dejan\u00bb.<\/p>\n<p style=\"text-align: justify;\">Camacho hijo asegur\u00f3 que el gobernador \u00abha sido muy claro, \u00e9l es un preso pol\u00edtico por estar junto al pueblo contra el fraude y no pedir\u00e1 clemencia a sus carceleros. Pero nosotros estamos preocupados por su salud\u00bb.<\/p>\n<p style=\"text-align: justify;\">Desde la defensa<\/p>\n<p style=\"text-align: justify;\">Por su parte, el abogado defensor del gobernador, Mart\u00edn Camacho inform\u00f3 que se vieron sorprendidos por las declaraciones \u00abc\u00ednicas\u00bb del director de R\u00e9gimen Penitenciario, Juan Carlos Limpias.<\/p>\n<p style=\"text-align: justify;\">\u00ab\u00c9l (Limpias) no es m\u00e9dico, no es especialista ni autoridad para determinar quien puede ordenar o no el traslado del gobernador Camacho a un centro especializado. Es mentira que no se hayan realizado reclamos, tengo la documentaci\u00f3n para demostrar que, en m\u00e1s de una decena de oportunidades, hemos solicitado que se realicen los estudios m\u00e9dicos correspondientes, con capacidades y especialidades m\u00e9dicas que se necesitan. Tengo las solicitudes de ingreso de especialistas y las respuestas negativas constantes no solo de la autoridad jurisdiccional sino tambi\u00e9n de R\u00e9gimen Penitenciario\u00bb, afirm\u00f3 el abogado.<\/p>\n<p style=\"text-align: justify;\">Camacho explic\u00f3 que al gobernador de Santa Cruz, \u00abse le ha privado de un derecho constitucional, manteni\u00e9ndolo en un permanentemente aislamiento, considerado por la Corte Interamericana de Derechos Humanos como una tortura blanca. Luis Fernando no puede comunicarse ni recibir visitas como los otros reos del resto de los centros penitenciarios del pa\u00eds\u00bb.<\/p>\n<p style=\"text-align: justify;\">Remarc\u00f3 que \u00ablos d\u00edas de visita, que deber\u00eda recibir a cualquier amigo, pariente, autoridad, se le ha restringido de manera vulneratoria. \u00c9l est\u00e1 siendo torturado\u00bb.<\/p>\n<p style=\"text-align: justify;\">Adelant\u00f3 que desde la defensa: \u00abvamos a continuar por la v\u00eda ordinaria, adem\u00e1s de las v\u00edas constitucionales. Hago un clamado a la justicia y comunidad internacional, sin necesidad de hacer ning\u00fan reclamo, solo basta con ver las im\u00e1genes del gobernador de ayer (mi\u00e9rcoles)\u00bb.<\/p>\n<p style=\"text-align: justify;\">Familia<\/p>\n<p style=\"text-align: justify;\">De su lado, la esposa del gobernador, F\u00e1tima Jord\u00e1n pidi\u00f3 \u00abque se haga justicia, que se restablezca el estado de derecho\u00bb.<\/p>\n<p style=\"text-align: justify;\">Adem\u00e1s, aprovech\u00f3 la oportunidad y le dedic\u00f3 algunas palabras a su esposo: \u00able digo: &#8216;gracias por tu firmeza siempre y en todo momento. Nos transmit\u00eds la fuerza para esta lucha, este camino, que sabemos que es largo pero (del) que vamos a salir vencedores\u00bb.<\/p>\n","protected":false},"excerpt":{"rendered":"<p>Luis Fernando Camacho Parada, hijo del gobernador Luis Fernando Camacho, asegur\u00f3 que \u00abest\u00e1n da\u00f1ando la salud de su padre\u00bb en la c\u00e1rcel de Chonchocoro. Asimismo, el abogado defensor asegur\u00f3 que R\u00e9gimen Penitenciario el encargado de mantener aislado a su defendido. \u00abLos hijos, la esposa y toda la familia del gobernador Luis Fernando Camacho agradecemos las [&hellip;]<\/p>\n","protected":false},"author":4,"featured_media":54678,"comment_status":"open","ping_status":"closed","sticky":false,"template":"","format":"standard","meta":{"footnotes":""},"categories":[18],"tags":[],"class_list":{"0":"post-54677","1":"post","2":"type-post","3":"status-publish","4":"format-standard","5":"has-post-thumbnail","7":"category-politica"},"_links":{"self":[{"href":"https:\/\/jms.com.bo\/mediamonitor\/wp-json\/wp\/v2\/posts\/54677","targetHints":{"allow":["GET"]}}],"collection":[{"href":"https:\/\/jms.com.bo\/mediamonitor\/wp-json\/wp\/v2\/posts"}],"about":[{"href":"https:\/\/jms.com.bo\/mediamonitor\/wp-json\/wp\/v2\/types\/post"}],"author":[{"embeddable":true,"href":"https:\/\/jms.com.bo\/mediamonitor\/wp-json\/wp\/v2\/users\/4"}],"replies":[{"embeddable":true,"href":"https:\/\/jms.com.bo\/mediamonitor\/wp-json\/wp\/v2\/comments?post=54677"}],"version-history":[{"count":0,"href":"https:\/\/jms.com.bo\/mediamonitor\/wp-json\/wp\/v2\/posts\/54677\/revisions"}],"wp:featuredmedia":[{"embeddable":true,"href":"https:\/\/jms.com.bo\/mediamonitor\/wp-json\/wp\/v2\/media\/54678"}],"wp:attachment":[{"href":"https:\/\/jms.com.bo\/mediamonitor\/wp-json\/wp\/v2\/media?parent=54677"}],"wp:term":[{"taxonomy":"category","embeddable":true,"href":"https:\/\/jms.com.bo\/mediamonitor\/wp-json\/wp\/v2\/categories?post=54677"},{"taxonomy":"post_tag","embeddable":true,"href":"https:\/\/jms.com.bo\/mediamonitor\/wp-json\/wp\/v2\/tags?post=54677"}],"curies":[{"name":"wp","href":"https:\/\/api.w.org\/{rel}","templated":true}]}}