{"id":54679,"date":"2023-07-21T06:57:28","date_gmt":"2023-07-21T10:57:28","guid":{"rendered":"https:\/\/jms.com.bo\/mediamonitor\/2023\/07\/21\/nace-la-cuarta-alternativa-de-cara-a-las-elecciones-nacionales-del-2025\/"},"modified":"2023-07-21T06:57:28","modified_gmt":"2023-07-21T10:57:28","slug":"nace-la-cuarta-alternativa-de-cara-a-las-elecciones-nacionales-del-2025","status":"publish","type":"post","link":"https:\/\/jms.com.bo\/mediamonitor\/2023\/07\/21\/nace-la-cuarta-alternativa-de-cara-a-las-elecciones-nacionales-del-2025\/","title":{"rendered":"Nace la cuarta alternativa de cara a las elecciones nacionales del 2025"},"content":{"rendered":"<p style=\"text-align: justify;\">El frente Junta Democr\u00e1tica, una alternativa para las elecciones nacionales del 2025 fue presentado ayer en la ciudad de La Paz en conferencia de prensa. El mismo, seg\u00fan informaron los voceros de la agrupaci\u00f3n, esta conformado por agrupaciones pol\u00edticas como el Movimiento Nacionalista Revolucionario (MNR), Acci\u00f3n Democr\u00e1tica Nacionalista (ADN) y Sol.bo.<\/p>\n<p style=\"text-align: justify;\">Uno de los voceros del frente, Jhonny Bustillos, dijo que esta es una \u201ccorporaci\u00f3n\u201d que reunir\u00e1 a diversas agrupaciones de la oposici\u00f3n.<\/p>\n<p style=\"text-align: justify;\">\u201cLos que no est\u00e9n en este esfuerzo para la unidad nacional por Bolivia ser\u00e1n funcionales al MAS\u201d, indic\u00f3 Bustillos ante las consultas de los periodistas. Se dec\u00eda que el Frente Revolucionario de Izquierda (FRI) tambi\u00e9n ser\u00eda parte del frente, pero Edgar Guzm\u00e1n, presidente nacional de la agrupaci\u00f3n pol\u00edtica, neg\u00f3 tal acuerdo.<\/p>\n<p style=\"text-align: justify;\">\u201cSi la unidad pasa por la alianza de fuerzas pol\u00edticas haremos lo que manda el soberano, pero me permito dejar constancia plena que no suscribimos ning\u00fan acuerdo con la supuesta Junta Democr\u00e1tica, en virtud a que cualquier alianza es aprobada por nuestros estatutos, consiguientemente, el militante que suscribi\u00f3 este acuerdo lo hizo en calidad personal y no compromete la l\u00ednea del FRI\u201d, se\u00f1al\u00f3 parte del comunicado.<\/p>\n<p style=\"text-align: justify;\">El 13 de julio, el exdiputado Carlos B\u00f6rth, junto con Norah Castro, presentaron la Alianza por Bolivia Unida y Solidaria (Al-Bus), que pretende ser un nuevo partido pol\u00edtico con miras a participar en las elecciones generales de 2025.<\/p>\n<p style=\"text-align: justify;\">Hace un par de d\u00edas, el rector de la Uagrm, Vicente Cu\u00e9llar, se\u00f1al\u00f3 que a\u00fan no decidi\u00f3 si saltar\u00e1 a la arena pol\u00edtica de las elecciones nacionales de 2025. Para hoy, la alianza Creemos realizar\u00e1 su encuentro nacional donde se analizar\u00e1n el proyecto que van a encarar para las elecciones nacionales 2025 y subnacionales 2026.<\/p>\n<p style=\"text-align: justify;\">Encuentro<\/p>\n<p style=\"text-align: justify;\">Para este viernes 20, en Santa Cruz de la Sierra, est\u00e1 previsto realizarse el primer encuentro nacional de autoridades electas de la alianza Creemos.<\/p>\n<p style=\"text-align: justify;\">La asamble\u00edsta departamental por esta agrupaci\u00f3n, Paola Aguirre, adelant\u00f3 que en esta reuni\u00f3n se har\u00e1 un diagnostico de la estructuraci\u00f3n pol\u00edtico territorial de Creemos a nivel nacional, se hablar\u00e1 sobre federalismo y el proyecto que se va a encarar para las elecciones nacionales 2025 y subnacionales 2026.<\/p>\n","protected":false},"excerpt":{"rendered":"<p>El frente Junta Democr\u00e1tica, una alternativa para las elecciones nacionales del 2025 fue presentado ayer en la ciudad de La Paz en conferencia de prensa. El mismo, seg\u00fan informaron los voceros de la agrupaci\u00f3n, esta conformado por agrupaciones pol\u00edticas como el Movimiento Nacionalista Revolucionario (MNR), Acci\u00f3n Democr\u00e1tica Nacionalista (ADN) y Sol.bo. Uno de los voceros [&hellip;]<\/p>\n","protected":false},"author":4,"featured_media":54680,"comment_status":"open","ping_status":"closed","sticky":false,"template":"","format":"standard","meta":{"footnotes":""},"categories":[18],"tags":[],"class_list":{"0":"post-54679","1":"post","2":"type-post","3":"status-publish","4":"format-standard","5":"has-post-thumbnail","7":"category-politica"},"_links":{"self":[{"href":"https:\/\/jms.com.bo\/mediamonitor\/wp-json\/wp\/v2\/posts\/54679","targetHints":{"allow":["GET"]}}],"collection":[{"href":"https:\/\/jms.com.bo\/mediamonitor\/wp-json\/wp\/v2\/posts"}],"about":[{"href":"https:\/\/jms.com.bo\/mediamonitor\/wp-json\/wp\/v2\/types\/post"}],"author":[{"embeddable":true,"href":"https:\/\/jms.com.bo\/mediamonitor\/wp-json\/wp\/v2\/users\/4"}],"replies":[{"embeddable":true,"href":"https:\/\/jms.com.bo\/mediamonitor\/wp-json\/wp\/v2\/comments?post=54679"}],"version-history":[{"count":0,"href":"https:\/\/jms.com.bo\/mediamonitor\/wp-json\/wp\/v2\/posts\/54679\/revisions"}],"wp:featuredmedia":[{"embeddable":true,"href":"https:\/\/jms.com.bo\/mediamonitor\/wp-json\/wp\/v2\/media\/54680"}],"wp:attachment":[{"href":"https:\/\/jms.com.bo\/mediamonitor\/wp-json\/wp\/v2\/media?parent=54679"}],"wp:term":[{"taxonomy":"category","embeddable":true,"href":"https:\/\/jms.com.bo\/mediamonitor\/wp-json\/wp\/v2\/categories?post=54679"},{"taxonomy":"post_tag","embeddable":true,"href":"https:\/\/jms.com.bo\/mediamonitor\/wp-json\/wp\/v2\/tags?post=54679"}],"curies":[{"name":"wp","href":"https:\/\/api.w.org\/{rel}","templated":true}]}}