{"id":54681,"date":"2023-07-21T06:58:43","date_gmt":"2023-07-21T10:58:43","guid":{"rendered":"https:\/\/jms.com.bo\/mediamonitor\/2023\/07\/21\/sucesion-sin-quorum-anez-dice-que-no-habia-tiempo-para-las-formalidades\/"},"modified":"2023-07-21T06:58:43","modified_gmt":"2023-07-21T10:58:43","slug":"sucesion-sin-quorum-anez-dice-que-no-habia-tiempo-para-las-formalidades","status":"publish","type":"post","link":"https:\/\/jms.com.bo\/mediamonitor\/2023\/07\/21\/sucesion-sin-quorum-anez-dice-que-no-habia-tiempo-para-las-formalidades\/","title":{"rendered":"Sucesi\u00f3n sin quorum: \u00c1\u00f1ez dice que no hab\u00eda tiempo para las formalidades"},"content":{"rendered":"<p style=\"text-align: justify;\">\u201cAl no haber quorum, suspendimos la sesi\u00f3n, no hab\u00eda tiempo de esperar formalidades\u201d. As\u00ed recuerda Jeanine \u00c1\u00f1ez la forma c\u00f3mo se proclam\u00f3 presidenta en 2019, en sendos actos sin quorum ni juramento, menos el MAS, en la Asamblea Legislativa.<\/p>\n<p style=\"text-align: justify;\">La develaci\u00f3n est\u00e1 contenida en el libro de la expresidenta, Jeanine, de pu\u00f1o y letra (editorial El Pa\u00eds, mayo 2023), en el que cuenta detalles de su llegada al poder el 12 de noviembre de 2019, dos d\u00edas despu\u00e9s de la renuncia del presidente Evo Morales y del vicepresidente \u00c1lvaro Garc\u00eda, adem\u00e1s de los titulares de las c\u00e1maras de Senadores, Adriana Salvatierra, y de Diputados, V\u00edctor Borda.<\/p>\n<p style=\"text-align: justify;\">A las 18.41 de ese martes, la entonces segunda vicepresidenta de la C\u00e1mara de Senadores hab\u00eda abierto la sesi\u00f3n 198. \u201cPido al senador secretario verificar el quorum\u201d, anunci\u00f3 desde la testera.<\/p>\n<p style=\"text-align: justify;\">\u201cPresidenta, revisado en este momento el quorum de la C\u00e1mara de Senadores, no est\u00e1 en condiciones por no existir quorum suficiente para instalar la presente sesi\u00f3n\u201d, respondi\u00f3 su colega V\u00edctor Hugo Zamora, quien observ\u00f3 el foro reducido, con sola la presencia de legisladores de oposici\u00f3n y la ausencia de la bancada de los dos tercios del Movimiento Al Socialismo (MAS).<\/p>\n<p style=\"text-align: justify;\">Acto seguido, \u00c1\u00f1ez suspendi\u00f3 la sesi\u00f3n. Luego pidi\u00f3 a sus colegas \u201chacer una aclaraci\u00f3n a la opini\u00f3n p\u00fablica\u201d. Para justificar su actuaci\u00f3n de \u201ccar\u00e1cter legal\u201d, recurri\u00f3 al inciso a) del art\u00edculo 41 del Reglamento General de la C\u00e1mara de Senadores. \u201cCorresponde a mi persona, en calidad de segunda vicepresidenta de la C\u00e1mara de Senadores, asumir la presidencia de este ente\u201d, justific\u00f3.<\/p>\n<p style=\"text-align: justify;\">Formalidades<\/p>\n<p style=\"text-align: justify;\">En menos de dos minutos tom\u00f3 las funciones de titular del \u00f3rgano camaral y enseguida descendi\u00f3 al hemiciclo de la C\u00e1mara de Diputados, adonde lleg\u00f3 a las 18.45. A las 18.47 instal\u00f3 un segundo acto y justific\u00f3, con la lectura de su discurso, la sucesi\u00f3n \u201cipso facto\u201d. Arguy\u00f3 \u201cvac\u00edo de poder\u201d, debido al asilo, entonces, de los renunciantes presidente Evo Morales y del vicepresidente \u00c1lvaro Garc\u00eda Linera en M\u00e9xico.<\/p>\n<p style=\"text-align: justify;\">A las 18.51 se proclam\u00f3 presidenta y se comprometi\u00f3 a \u201cpacificar el pa\u00eds\u201d. \u201c\u00a1Viva Bolivia\u201d, areng\u00f3 en medio de v\u00edtores que dec\u00edan \u201c\u00a1s\u00ed se pudo, s\u00ed se pudo!\u201d.<\/p>\n<p style=\"text-align: justify;\">\u201cQue Dios bendiga a Bolivia y que nos d\u00e9 sabidur\u00eda para gobernar en esta \u00e9poca transitoria\u201d, fueron las palabras con las que \u00c1\u00f1ez comenz\u00f3 su gobierno.<\/p>\n<p style=\"text-align: justify;\">En su libro, la exmandataria cuenta los episodios que experiment\u00f3 durante y despu\u00e9s de esos actos en la Asamblea Legislativa. \u201cLo cierto es que fue una situaci\u00f3n que provoc\u00f3 Evo Morales, no yo. No busqu\u00e9 la presidencia, me toc\u00f3 asumirla\u201d, escribi\u00f3.<\/p>\n<p style=\"text-align: justify;\">Develaciones<br \/>\nEn otro cap\u00edtulo de Jeanine, de pu\u00f1o y letra, \u00c1\u00f1ez relata tambi\u00e9n c\u00f3mo el entonces presidente del Comit\u00e9 pro Santa Cruz, ahora gobernador Luis Fernando Camacho, sab\u00eda los pormenores de su sucesi\u00f3n e incluso la salida de Morales a M\u00e9xico.<\/p>\n<p style=\"text-align: justify;\">\u201cQued\u00e9 totalmente sorprendida y le pregunt\u00e9 a Fernando Camacho si sab\u00eda algo \u00e9l y me dijo que s\u00ed, que eso se hab\u00eda quedado y \u2018que mi pap\u00e1 me dijo que todo iba bien\u2019, esas fueron sus palabras\u201d, recuerda \u00c1\u00f1ez.<\/p>\n<p style=\"text-align: justify;\">Su nombre surgi\u00f3 el 10 de noviembre en la reuni\u00f3n extralegislativa de la Universidad Cat\u00f3lica Boliviana (UCB). Luego de recibir la llamada de Ricardo Paz, asesor de Carlos Mesa, habl\u00f3 con el monse\u00f1or Eugenio Scarpellini, quien le plante\u00f3 la sucesi\u00f3n. Ella acept\u00f3 y se puso a la orden. \u00c1\u00f1ez recibi\u00f3 la banda y la medalla presidencial de parte de un militar en el Palacio Quemado.<\/p>\n","protected":false},"excerpt":{"rendered":"<p>\u201cAl no haber quorum, suspendimos la sesi\u00f3n, no hab\u00eda tiempo de esperar formalidades\u201d. As\u00ed recuerda Jeanine \u00c1\u00f1ez la forma c\u00f3mo se proclam\u00f3 presidenta en 2019, en sendos actos sin quorum ni juramento, menos el MAS, en la Asamblea Legislativa. La develaci\u00f3n est\u00e1 contenida en el libro de la expresidenta, Jeanine, de pu\u00f1o y letra (editorial [&hellip;]<\/p>\n","protected":false},"author":4,"featured_media":54682,"comment_status":"open","ping_status":"closed","sticky":false,"template":"","format":"standard","meta":{"footnotes":""},"categories":[18,48,46],"tags":[],"class_list":{"0":"post-54681","1":"post","2":"type-post","3":"status-publish","4":"format-standard","5":"has-post-thumbnail","7":"category-politica","8":"category-portada-general-sitio","9":"category-portada-politica"},"_links":{"self":[{"href":"https:\/\/jms.com.bo\/mediamonitor\/wp-json\/wp\/v2\/posts\/54681","targetHints":{"allow":["GET"]}}],"collection":[{"href":"https:\/\/jms.com.bo\/mediamonitor\/wp-json\/wp\/v2\/posts"}],"about":[{"href":"https:\/\/jms.com.bo\/mediamonitor\/wp-json\/wp\/v2\/types\/post"}],"author":[{"embeddable":true,"href":"https:\/\/jms.com.bo\/mediamonitor\/wp-json\/wp\/v2\/users\/4"}],"replies":[{"embeddable":true,"href":"https:\/\/jms.com.bo\/mediamonitor\/wp-json\/wp\/v2\/comments?post=54681"}],"version-history":[{"count":0,"href":"https:\/\/jms.com.bo\/mediamonitor\/wp-json\/wp\/v2\/posts\/54681\/revisions"}],"wp:featuredmedia":[{"embeddable":true,"href":"https:\/\/jms.com.bo\/mediamonitor\/wp-json\/wp\/v2\/media\/54682"}],"wp:attachment":[{"href":"https:\/\/jms.com.bo\/mediamonitor\/wp-json\/wp\/v2\/media?parent=54681"}],"wp:term":[{"taxonomy":"category","embeddable":true,"href":"https:\/\/jms.com.bo\/mediamonitor\/wp-json\/wp\/v2\/categories?post=54681"},{"taxonomy":"post_tag","embeddable":true,"href":"https:\/\/jms.com.bo\/mediamonitor\/wp-json\/wp\/v2\/tags?post=54681"}],"curies":[{"name":"wp","href":"https:\/\/api.w.org\/{rel}","templated":true}]}}