{"id":54754,"date":"2023-07-24T06:12:18","date_gmt":"2023-07-24T10:12:18","guid":{"rendered":"https:\/\/jms.com.bo\/mediamonitor\/2023\/07\/24\/que-es-la-tos-ferina-o-coqueluche-cuales-son-los-sintomas-de-esta-enfermedad-que-azota-santa-cruz\/"},"modified":"2023-07-24T06:12:18","modified_gmt":"2023-07-24T10:12:18","slug":"que-es-la-tos-ferina-o-coqueluche-cuales-son-los-sintomas-de-esta-enfermedad-que-azota-santa-cruz","status":"publish","type":"post","link":"https:\/\/jms.com.bo\/mediamonitor\/2023\/07\/24\/que-es-la-tos-ferina-o-coqueluche-cuales-son-los-sintomas-de-esta-enfermedad-que-azota-santa-cruz\/","title":{"rendered":"\u00bfQu\u00e9 es la tos ferina o coqueluche? \u00bfCu\u00e1les son los s\u00edntomas de esta enfermedad que azota Santa Cruz?"},"content":{"rendered":"<p style=\"text-align: justify;\">Recientemente la ministra de Salud, Mar\u00eda Ren\u00e9e Castro, inform\u00f3 que hasta la fecha se registraron 469 casos de coqueluche en el pa\u00eds, siendo Santa Cruz, el departamento m\u00e1s afectado con 429 casos, le sigue Beni y finalmente La Paz y Oruro.<\/p>\n<p style=\"text-align: justify;\">Es por esto, que es importante conocer qu\u00e9 es el coqueluche o tos ferina, cu\u00e1les son sus s\u00edntomas y como prevenirla, pues de esta manera se evitar\u00e1 una mayor propagaci\u00f3n de la enfermedad en todo el pa\u00eds.<\/p>\n<p style=\"text-align: justify;\">\u00bfQu\u00e9 es el coqueluche? Se trata de una enfermedad muy contagiosa que afecta principalmente a ni\u00f1os y adolescentes, la cual es causada por una bacteria. En un inicio los s\u00edntomas son evidentes en el tracto respiratorio superior, pero luego se extiende hasta llegar a una tos espasm\u00f3dica.<\/p>\n<p style=\"text-align: justify;\">Esta enfermedad tambi\u00e9n llamada tos convulsa, se caracteriza por provocar inflamaci\u00f3n traqueobronquial, lo que causa la tan caracter\u00edstica tos con sensaci\u00f3n de asfixia, la cual finaliza con un ruido similar a un silbido.<\/p>\n<p style=\"text-align: justify;\">\u00bfCu\u00e1les son los s\u00edntomas? Los primeros s\u00edntomas pueden durar entre una a dos semanas y pueden incluir congesti\u00f3n nasal, fiebre baja, tos leve que se presenta ocasionalmente, pausas en la respiraci\u00f3n que pueden a ser mortales (el paciente puede ponerse azul o morado por la falta de ox\u00edgeno).<\/p>\n<p style=\"text-align: justify;\">En esta etapa el coqueluche puede parecer un resfriado com\u00fan y por lo tanto puede ser confundido y no ser tratado oportunamente, es por esto que usualmente, el diagnostico se realiza cuando aparecen los s\u00edntomas m\u00e1s graves.<\/p>\n<p style=\"text-align: justify;\">Luego de estas dos semanas, empezar\u00e1n los s\u00edntomas m\u00e1s graves, como la tos incontrolable que suele durar entre una a seis semanas, pero podr\u00edan prolongarse hasta 10 semanas. En este tiempo la tos generalmente empeorar\u00e1 y se vuelve m\u00e1s frecuente a medida que la enfermedad contin\u00faa.<\/p>\n<p style=\"text-align: justify;\">Las personas pueden emitir un sonido agudo causado por la inspiraci\u00f3n que suele escucharse como un silbido, tambi\u00e9n por la fuerza de la tos, los pacientes pueden vomitar durante o despu\u00e9s del episodio de tos. Se siente cansancio y se presentan dificultades para respirar tras el episodio.<\/p>\n<p style=\"text-align: justify;\">El tratamiento de la tos ferina o coqueluche debe ser administrado por un profesional por lo tanto es importante acudir a un centro de salud y contar con el esquema de vacunaci\u00f3n completa, adem\u00e1s de esto se recomienda seguir con protocolos de bioseguridad para evitar contagios.<\/p>\n","protected":false},"excerpt":{"rendered":"<p>Recientemente la ministra de Salud, Mar\u00eda Ren\u00e9e Castro, inform\u00f3 que hasta la fecha se registraron 469 casos de coqueluche en el pa\u00eds, siendo Santa Cruz, el departamento m\u00e1s afectado con 429 casos, le sigue Beni y finalmente La Paz y Oruro. Es por esto, que es importante conocer qu\u00e9 es el coqueluche o tos ferina, [&hellip;]<\/p>\n","protected":false},"author":4,"featured_media":54755,"comment_status":"open","ping_status":"closed","sticky":false,"template":"","format":"standard","meta":{"footnotes":""},"categories":[53],"tags":[],"class_list":{"0":"post-54754","1":"post","2":"type-post","3":"status-publish","4":"format-standard","5":"has-post-thumbnail","7":"category-salud"},"_links":{"self":[{"href":"https:\/\/jms.com.bo\/mediamonitor\/wp-json\/wp\/v2\/posts\/54754","targetHints":{"allow":["GET"]}}],"collection":[{"href":"https:\/\/jms.com.bo\/mediamonitor\/wp-json\/wp\/v2\/posts"}],"about":[{"href":"https:\/\/jms.com.bo\/mediamonitor\/wp-json\/wp\/v2\/types\/post"}],"author":[{"embeddable":true,"href":"https:\/\/jms.com.bo\/mediamonitor\/wp-json\/wp\/v2\/users\/4"}],"replies":[{"embeddable":true,"href":"https:\/\/jms.com.bo\/mediamonitor\/wp-json\/wp\/v2\/comments?post=54754"}],"version-history":[{"count":0,"href":"https:\/\/jms.com.bo\/mediamonitor\/wp-json\/wp\/v2\/posts\/54754\/revisions"}],"wp:featuredmedia":[{"embeddable":true,"href":"https:\/\/jms.com.bo\/mediamonitor\/wp-json\/wp\/v2\/media\/54755"}],"wp:attachment":[{"href":"https:\/\/jms.com.bo\/mediamonitor\/wp-json\/wp\/v2\/media?parent=54754"}],"wp:term":[{"taxonomy":"category","embeddable":true,"href":"https:\/\/jms.com.bo\/mediamonitor\/wp-json\/wp\/v2\/categories?post=54754"},{"taxonomy":"post_tag","embeddable":true,"href":"https:\/\/jms.com.bo\/mediamonitor\/wp-json\/wp\/v2\/tags?post=54754"}],"curies":[{"name":"wp","href":"https:\/\/api.w.org\/{rel}","templated":true}]}}