{"id":54760,"date":"2023-07-24T06:17:58","date_gmt":"2023-07-24T10:17:58","guid":{"rendered":"https:\/\/jms.com.bo\/mediamonitor\/2023\/07\/24\/caneros-de-bermejo-esperan-cosecha-de-200-000-toneladas-a-partir-del-5-de-agosto\/"},"modified":"2023-07-24T06:17:58","modified_gmt":"2023-07-24T10:17:58","slug":"caneros-de-bermejo-esperan-cosecha-de-200-000-toneladas-a-partir-del-5-de-agosto","status":"publish","type":"post","link":"https:\/\/jms.com.bo\/mediamonitor\/2023\/07\/24\/caneros-de-bermejo-esperan-cosecha-de-200-000-toneladas-a-partir-del-5-de-agosto\/","title":{"rendered":"Ca\u00f1eros de Bermejo esperan cosecha de 200.000 toneladas a partir del 5 de agosto"},"content":{"rendered":"<p style=\"text-align: justify;\">El sector productor ca\u00f1ero de Bermejo espera que, a partir del 5 de agosto, se inicie la cosecha de 200 mil toneladas para producir unas 30 mil toneladas de az\u00facar, report\u00f3 Erbol-Bermejo.<\/p>\n<p style=\"text-align: justify;\">El subgobernador Franz Guti\u00e9rrez inform\u00f3 que, luego de un trabajo de mediaci\u00f3n, los ca\u00f1eros e industriales firmaron ya un acta de compromiso para iniciar en esa fecha la zafra 2023.<\/p>\n<p style=\"text-align: justify;\">Dijo que la Subgobernaci\u00f3n estaba preocupada por la situaci\u00f3n, porque la cosecha de ca\u00f1a genera un efecto multiplicador y a pedido del sector ca\u00f1ero industrial se hizo un trabajo de mediaci\u00f3n, como el a\u00f1o pasado, para que pueda haber un entendimiento entre ambos.<\/p>\n<p style=\"text-align: justify;\">Explic\u00f3 que, si bien el sector ca\u00f1ero industrial es privado, pero debido a varios conflictos que se presentaron antes, acudieron a varias autoridades para que oficien de mediadores y gracias a Dios hay un consenso, coment\u00f3.<\/p>\n<p style=\"text-align: justify;\">Indic\u00f3 que la Subgobernaci\u00f3n tiene la maquinaria lista para apoyar al sector ca\u00f1ero y aguardaban estos acuerdos para que la pr\u00f3xima semana sea presentada la maquinaria de cosecha y molienda y de esa manera garantizar el inicio de la zafra.<\/p>\n<p style=\"text-align: justify;\">Record\u00f3 que el a\u00f1o pasado se han molido cerca de 200 mil toneladas y esperan que este a\u00f1o supere esa cantidad, aunque la sequ\u00eda ha jugado malos momentos a todos los productores, dijo la autoridad local.<\/p>\n","protected":false},"excerpt":{"rendered":"<p>El sector productor ca\u00f1ero de Bermejo espera que, a partir del 5 de agosto, se inicie la cosecha de 200 mil toneladas para producir unas 30 mil toneladas de az\u00facar, report\u00f3 Erbol-Bermejo. El subgobernador Franz Guti\u00e9rrez inform\u00f3 que, luego de un trabajo de mediaci\u00f3n, los ca\u00f1eros e industriales firmaron ya un acta de compromiso para [&hellip;]<\/p>\n","protected":false},"author":4,"featured_media":54761,"comment_status":"open","ping_status":"closed","sticky":false,"template":"","format":"standard","meta":{"footnotes":""},"categories":[52],"tags":[],"class_list":{"0":"post-54760","1":"post","2":"type-post","3":"status-publish","4":"format-standard","5":"has-post-thumbnail","7":"category-alimentos-agroindustria"},"_links":{"self":[{"href":"https:\/\/jms.com.bo\/mediamonitor\/wp-json\/wp\/v2\/posts\/54760","targetHints":{"allow":["GET"]}}],"collection":[{"href":"https:\/\/jms.com.bo\/mediamonitor\/wp-json\/wp\/v2\/posts"}],"about":[{"href":"https:\/\/jms.com.bo\/mediamonitor\/wp-json\/wp\/v2\/types\/post"}],"author":[{"embeddable":true,"href":"https:\/\/jms.com.bo\/mediamonitor\/wp-json\/wp\/v2\/users\/4"}],"replies":[{"embeddable":true,"href":"https:\/\/jms.com.bo\/mediamonitor\/wp-json\/wp\/v2\/comments?post=54760"}],"version-history":[{"count":0,"href":"https:\/\/jms.com.bo\/mediamonitor\/wp-json\/wp\/v2\/posts\/54760\/revisions"}],"wp:featuredmedia":[{"embeddable":true,"href":"https:\/\/jms.com.bo\/mediamonitor\/wp-json\/wp\/v2\/media\/54761"}],"wp:attachment":[{"href":"https:\/\/jms.com.bo\/mediamonitor\/wp-json\/wp\/v2\/media?parent=54760"}],"wp:term":[{"taxonomy":"category","embeddable":true,"href":"https:\/\/jms.com.bo\/mediamonitor\/wp-json\/wp\/v2\/categories?post=54760"},{"taxonomy":"post_tag","embeddable":true,"href":"https:\/\/jms.com.bo\/mediamonitor\/wp-json\/wp\/v2\/tags?post=54760"}],"curies":[{"name":"wp","href":"https:\/\/api.w.org\/{rel}","templated":true}]}}