{"id":54955,"date":"2023-07-26T06:41:32","date_gmt":"2023-07-26T10:41:32","guid":{"rendered":"https:\/\/jms.com.bo\/mediamonitor\/2023\/07\/26\/sistema-de-radares-detecta-475-vuelos-irregulares-de-enero-a-julio\/"},"modified":"2023-07-26T06:41:32","modified_gmt":"2023-07-26T10:41:32","slug":"sistema-de-radares-detecta-475-vuelos-irregulares-de-enero-a-julio","status":"publish","type":"post","link":"https:\/\/jms.com.bo\/mediamonitor\/2023\/07\/26\/sistema-de-radares-detecta-475-vuelos-irregulares-de-enero-a-julio\/","title":{"rendered":"Sistema de radares detecta 475 vuelos irregulares de enero a julio"},"content":{"rendered":"<p style=\"text-align: justify;\">El ministro de Defensa, Edmundo Novillo, inform\u00f3 este martes que los radares de uso militar y civil que fueron adquiridos por Bolivia detectaron de enero a julio 475 vuelos irregulares.<\/p>\n<p style=\"text-align: justify;\">\u201cEn un 95 por ciento (los radares) ya est\u00e1n en pleno funcionamiento. El trabajo de manera muy sint\u00e9tica consiste en que estos radares (han) realizado detecciones de vuelos irregulares. Desde el inicio de las operaciones, se han realizado 475 detecciones\u201d, manifest\u00f3.<\/p>\n<p style=\"text-align: justify;\">En diciembre de 2022, Novillo confirm\u00f3 la entrega de 13 radares de uso militar y civil, adquiridos por Bolivia. Estos radares fueron comprados por el Estado en agosto de 2016 a la empresa francesa Thales Air Systems, por $us 216 millones.<\/p>\n<p style=\"text-align: justify;\">Estos 13 radares tienen la capacidad de identificar todas las aeronaves que vuelan a baja altitud para evitar ser detectadas por las instancias correspondientes.<\/p>\n<p style=\"text-align: justify;\">El Ministro de Defensa indic\u00f3 que desde el inicio de las operaciones, en el mes de enero de este a\u00f1o se detectaron 25 detecciones de vuelos irregulares, en febrero 72, marzo 58, abril 57, mayo 117, junio 104 y en lo que va de julio 44 vuelos.<\/p>\n<p style=\"text-align: justify;\">De acuerdo con la autoridad, las interceptaciones solo se est\u00e1n haciendo en \u201calgunos\u201d vuelos, detectados como irregulares.<\/p>\n<p style=\"text-align: justify;\">\u201cA trav\u00e9s de la Fuerza A\u00e9rea y los aviones que tenemos y disponemos nos acercamos a la avioneta que est\u00e1 volando de manera irregular y lo que hacemos es tratar de sacar la informaci\u00f3n (como) qu\u00e9 tipo de avioneta se trata, qu\u00e9 matr\u00edcula lleva y en qu\u00e9 l\u00ednea de conducci\u00f3n de vuelo va\u201d.<\/p>\n<p style=\"text-align: justify;\">Ejemplific\u00f3 el caso de la avioneta que se estrell\u00f3 en Argentina, la cual fue detectada como un vuelo irregular el 23 de mayo.<\/p>\n<p style=\"text-align: justify;\">Novillo explic\u00f3 que esa aeronave sali\u00f3 de Paraguay y lleg\u00f3 a Puerto Su\u00e1rez, una vez que se accedi\u00f3 al registro de la matr\u00edcula y de las fotograf\u00edas, la informaci\u00f3n fue traspasada a la Fuerza Especial de Lucha Contra el Narcotr\u00e1fico (FELCN).<\/p>\n<p style=\"text-align: justify;\">\u201cDe acuerdo a la informaci\u00f3n que tenemos esta nave fue precintada con fines investigativos, as\u00ed mismo pasamos la informaci\u00f3n a Naabol (Navegaci\u00f3n A\u00e9rea y Aeropuertos Bolivianos). Gracias al funcionamiento de nuestros radares hemos tenido informaci\u00f3n de este vuelo el 23 de mayo en Puerto Su\u00e1rez\u201d.<\/p>\n","protected":false},"excerpt":{"rendered":"<p>El ministro de Defensa, Edmundo Novillo, inform\u00f3 este martes que los radares de uso militar y civil que fueron adquiridos por Bolivia detectaron de enero a julio 475 vuelos irregulares. \u201cEn un 95 por ciento (los radares) ya est\u00e1n en pleno funcionamiento. El trabajo de manera muy sint\u00e9tica consiste en que estos radares (han) realizado [&hellip;]<\/p>\n","protected":false},"author":4,"featured_media":54956,"comment_status":"open","ping_status":"closed","sticky":false,"template":"","format":"standard","meta":{"footnotes":""},"categories":[20],"tags":[],"class_list":{"0":"post-54955","1":"post","2":"type-post","3":"status-publish","4":"format-standard","5":"has-post-thumbnail","7":"category-actualidad"},"_links":{"self":[{"href":"https:\/\/jms.com.bo\/mediamonitor\/wp-json\/wp\/v2\/posts\/54955","targetHints":{"allow":["GET"]}}],"collection":[{"href":"https:\/\/jms.com.bo\/mediamonitor\/wp-json\/wp\/v2\/posts"}],"about":[{"href":"https:\/\/jms.com.bo\/mediamonitor\/wp-json\/wp\/v2\/types\/post"}],"author":[{"embeddable":true,"href":"https:\/\/jms.com.bo\/mediamonitor\/wp-json\/wp\/v2\/users\/4"}],"replies":[{"embeddable":true,"href":"https:\/\/jms.com.bo\/mediamonitor\/wp-json\/wp\/v2\/comments?post=54955"}],"version-history":[{"count":0,"href":"https:\/\/jms.com.bo\/mediamonitor\/wp-json\/wp\/v2\/posts\/54955\/revisions"}],"wp:featuredmedia":[{"embeddable":true,"href":"https:\/\/jms.com.bo\/mediamonitor\/wp-json\/wp\/v2\/media\/54956"}],"wp:attachment":[{"href":"https:\/\/jms.com.bo\/mediamonitor\/wp-json\/wp\/v2\/media?parent=54955"}],"wp:term":[{"taxonomy":"category","embeddable":true,"href":"https:\/\/jms.com.bo\/mediamonitor\/wp-json\/wp\/v2\/categories?post=54955"},{"taxonomy":"post_tag","embeddable":true,"href":"https:\/\/jms.com.bo\/mediamonitor\/wp-json\/wp\/v2\/tags?post=54955"}],"curies":[{"name":"wp","href":"https:\/\/api.w.org\/{rel}","templated":true}]}}