{"id":54957,"date":"2023-07-26T06:42:41","date_gmt":"2023-07-26T10:42:41","guid":{"rendered":"https:\/\/jms.com.bo\/mediamonitor\/2023\/07\/26\/horario-laboral-de-invierno-concluye-el-28-de-julio\/"},"modified":"2023-07-26T06:42:41","modified_gmt":"2023-07-26T10:42:41","slug":"horario-laboral-de-invierno-concluye-el-28-de-julio","status":"publish","type":"post","link":"https:\/\/jms.com.bo\/mediamonitor\/2023\/07\/26\/horario-laboral-de-invierno-concluye-el-28-de-julio\/","title":{"rendered":"Horario laboral de invierno concluye el 28 de julio"},"content":{"rendered":"<p style=\"text-align: justify;\">El horario laboral de invierno concluye este viernes 28 de julio, de manera que, en agosto, todo vuelve a la normalidad, anunci\u00f3 este martes la ministra de Trabajo, Ver\u00f3nica Navia.<\/p>\n<p style=\"text-align: justify;\">\u201cSe ha establecido el horario de invierno hasta el 28 de julio; es decir, el lunes siguiente todo vuelve al horario normal (\u2026) salvo que a \u00faltimo momento el Ministerio de Salud, el Senamhi (Servicio Nacional de Meteorolog\u00eda e Hidrolog\u00eda) nos recomienden otra cosa\u201d, dijo Navia en declaraciones a la prensa.<\/p>\n<p style=\"text-align: justify;\">El horario discontinuo normal es de lunes a viernes de 08h30 a 12h30 y de 14h30 a 18h30.<\/p>\n<p style=\"text-align: justify;\">La ministra de Trabajo explic\u00f3 que, tras la conclusi\u00f3n del descanso pedag\u00f3gico y el retorno de los estudiantes a clases, \u201cse entiende que para la pr\u00f3xima semana de agosto todo va a retornar a la normalidad\u201d.<\/p>\n","protected":false},"excerpt":{"rendered":"<p>El horario laboral de invierno concluye este viernes 28 de julio, de manera que, en agosto, todo vuelve a la normalidad, anunci\u00f3 este martes la ministra de Trabajo, Ver\u00f3nica Navia. \u201cSe ha establecido el horario de invierno hasta el 28 de julio; es decir, el lunes siguiente todo vuelve al horario normal (\u2026) salvo que [&hellip;]<\/p>\n","protected":false},"author":4,"featured_media":54958,"comment_status":"open","ping_status":"closed","sticky":false,"template":"","format":"standard","meta":{"footnotes":""},"categories":[20],"tags":[],"class_list":{"0":"post-54957","1":"post","2":"type-post","3":"status-publish","4":"format-standard","5":"has-post-thumbnail","7":"category-actualidad"},"_links":{"self":[{"href":"https:\/\/jms.com.bo\/mediamonitor\/wp-json\/wp\/v2\/posts\/54957","targetHints":{"allow":["GET"]}}],"collection":[{"href":"https:\/\/jms.com.bo\/mediamonitor\/wp-json\/wp\/v2\/posts"}],"about":[{"href":"https:\/\/jms.com.bo\/mediamonitor\/wp-json\/wp\/v2\/types\/post"}],"author":[{"embeddable":true,"href":"https:\/\/jms.com.bo\/mediamonitor\/wp-json\/wp\/v2\/users\/4"}],"replies":[{"embeddable":true,"href":"https:\/\/jms.com.bo\/mediamonitor\/wp-json\/wp\/v2\/comments?post=54957"}],"version-history":[{"count":0,"href":"https:\/\/jms.com.bo\/mediamonitor\/wp-json\/wp\/v2\/posts\/54957\/revisions"}],"wp:featuredmedia":[{"embeddable":true,"href":"https:\/\/jms.com.bo\/mediamonitor\/wp-json\/wp\/v2\/media\/54958"}],"wp:attachment":[{"href":"https:\/\/jms.com.bo\/mediamonitor\/wp-json\/wp\/v2\/media?parent=54957"}],"wp:term":[{"taxonomy":"category","embeddable":true,"href":"https:\/\/jms.com.bo\/mediamonitor\/wp-json\/wp\/v2\/categories?post=54957"},{"taxonomy":"post_tag","embeddable":true,"href":"https:\/\/jms.com.bo\/mediamonitor\/wp-json\/wp\/v2\/tags?post=54957"}],"curies":[{"name":"wp","href":"https:\/\/api.w.org\/{rel}","templated":true}]}}