{"id":54959,"date":"2023-07-26T06:44:14","date_gmt":"2023-07-26T10:44:14","guid":{"rendered":"https:\/\/jms.com.bo\/mediamonitor\/2023\/07\/26\/el-ibce-lamenta-que-la-cultura-del-bloqueo-se-este-imponiendo-al-dialogo-en-santa-cruz\/"},"modified":"2023-07-26T06:44:14","modified_gmt":"2023-07-26T10:44:14","slug":"el-ibce-lamenta-que-la-cultura-del-bloqueo-se-este-imponiendo-al-dialogo-en-santa-cruz","status":"publish","type":"post","link":"https:\/\/jms.com.bo\/mediamonitor\/2023\/07\/26\/el-ibce-lamenta-que-la-cultura-del-bloqueo-se-este-imponiendo-al-dialogo-en-santa-cruz\/","title":{"rendered":"El IBCE lamenta que la \u2018cultura del bloqueo\u2019 se est\u00e9 imponiendo al di\u00e1logo en Santa Cruz"},"content":{"rendered":"<p style=\"text-align: justify;\">Tras los bloqueos de las \u00faltimas semanas en Santa Cruz, el gerente del Instituto Boliviano de Comercio Exterior (IBCE), Gary Rodr\u00edguez, lament\u00f3 este martes que se est\u00e9 imponiendo la \u201ccultura del bloqueo\u201d al di\u00e1logo en ese departamento, perjudicando al sector productivo y a todo el pa\u00eds.<\/p>\n<p style=\"text-align: justify;\">\u201cPreocupa la escalada de bloqueos, de conflictos que se van dando en el pa\u00eds, eso nos hace da\u00f1o a todos. Pero debe preocuparnos mucho m\u00e1s que la mayor parte de bloqueos se est\u00e1n dando en Santa Cruz; hay quienes ya hablan de una cultura del bloqueo que nunca caracteriz\u00f3 a nuestra regi\u00f3n\u201d, reflexion\u00f3 en Unitel.<\/p>\n<p style=\"text-align: justify;\">El empresario dijo que, si bien las demandas son justas, este tipo de manifestaciones son una muestra de la \u201cincapacidad\u201d de resolver los problemas por la v\u00eda del di\u00e1logo.<\/p>\n<p style=\"text-align: justify;\">Bloqueo sin soluci\u00f3n<\/p>\n<p style=\"text-align: justify;\">Remarc\u00f3 que el sector productor es el m\u00e1s afectados por los bloqueos y a nivel internacional el pa\u00eds deja una mala imagen.<\/p>\n<p style=\"text-align: justify;\">\u201cUn bloqueo perjudica al productor, al importador, al exportador, al comerciante, al trabajador, al ciudadano de a pie. No solamente tiene un impacto econ\u00f3mico, sino tambi\u00e9n a nivel internacional nos muestra como un pa\u00eds que no est\u00e1 sabiendo resolver por la v\u00eda del di\u00e1logo sus diferencias. Hacemos votos porque esta situaci\u00f3n se supere para beneficio de todos\u201d.<\/p>\n<p style=\"text-align: justify;\">Este martes se cumple el segundo d\u00eda de un bloqueo de transportistas, productores y pobladores de comunidades entre Los Troncos y Okinawa, que exigen la construcci\u00f3n del tramo carretero entre ambas localidades.<\/p>\n<p style=\"text-align: justify;\">Asimismo, otro grupo exige la construcci\u00f3n del tramo desde Okinawa hasta el Parque Industrial en la capital cruce\u00f1a.<\/p>\n<p style=\"text-align: justify;\">Las soluciones no llegan en medio de ataques y reproches mutuos entre la Gobernaci\u00f3n cruce\u00f1a y el Gobierno nacional. Hay piquetes instalados que interrumpen el tr\u00e1nsito de pasajeros y carga en por lo menos cinco puntos.<\/p>\n","protected":false},"excerpt":{"rendered":"<p>Tras los bloqueos de las \u00faltimas semanas en Santa Cruz, el gerente del Instituto Boliviano de Comercio Exterior (IBCE), Gary Rodr\u00edguez, lament\u00f3 este martes que se est\u00e9 imponiendo la \u201ccultura del bloqueo\u201d al di\u00e1logo en ese departamento, perjudicando al sector productivo y a todo el pa\u00eds. \u201cPreocupa la escalada de bloqueos, de conflictos que se [&hellip;]<\/p>\n","protected":false},"author":4,"featured_media":54960,"comment_status":"open","ping_status":"closed","sticky":false,"template":"","format":"standard","meta":{"footnotes":""},"categories":[20,47,48],"tags":[],"class_list":{"0":"post-54959","1":"post","2":"type-post","3":"status-publish","4":"format-standard","5":"has-post-thumbnail","7":"category-actualidad","8":"category-portada-actualidad","9":"category-portada-general-sitio"},"_links":{"self":[{"href":"https:\/\/jms.com.bo\/mediamonitor\/wp-json\/wp\/v2\/posts\/54959","targetHints":{"allow":["GET"]}}],"collection":[{"href":"https:\/\/jms.com.bo\/mediamonitor\/wp-json\/wp\/v2\/posts"}],"about":[{"href":"https:\/\/jms.com.bo\/mediamonitor\/wp-json\/wp\/v2\/types\/post"}],"author":[{"embeddable":true,"href":"https:\/\/jms.com.bo\/mediamonitor\/wp-json\/wp\/v2\/users\/4"}],"replies":[{"embeddable":true,"href":"https:\/\/jms.com.bo\/mediamonitor\/wp-json\/wp\/v2\/comments?post=54959"}],"version-history":[{"count":0,"href":"https:\/\/jms.com.bo\/mediamonitor\/wp-json\/wp\/v2\/posts\/54959\/revisions"}],"wp:featuredmedia":[{"embeddable":true,"href":"https:\/\/jms.com.bo\/mediamonitor\/wp-json\/wp\/v2\/media\/54960"}],"wp:attachment":[{"href":"https:\/\/jms.com.bo\/mediamonitor\/wp-json\/wp\/v2\/media?parent=54959"}],"wp:term":[{"taxonomy":"category","embeddable":true,"href":"https:\/\/jms.com.bo\/mediamonitor\/wp-json\/wp\/v2\/categories?post=54959"},{"taxonomy":"post_tag","embeddable":true,"href":"https:\/\/jms.com.bo\/mediamonitor\/wp-json\/wp\/v2\/tags?post=54959"}],"curies":[{"name":"wp","href":"https:\/\/api.w.org\/{rel}","templated":true}]}}