{"id":54961,"date":"2023-07-26T06:48:09","date_gmt":"2023-07-26T10:48:09","guid":{"rendered":"https:\/\/jms.com.bo\/mediamonitor\/2023\/07\/26\/carvajal-dice-que-su-gestion-es-hasta-2025-y-descarta-dialogo-con-salazar\/"},"modified":"2023-07-26T06:48:09","modified_gmt":"2023-07-26T10:48:09","slug":"carvajal-dice-que-su-gestion-es-hasta-2025-y-descarta-dialogo-con-salazar","status":"publish","type":"post","link":"https:\/\/jms.com.bo\/mediamonitor\/2023\/07\/26\/carvajal-dice-que-su-gestion-es-hasta-2025-y-descarta-dialogo-con-salazar\/","title":{"rendered":"Carvajal dice que su gesti\u00f3n es hasta 2025 y descarta di\u00e1logo con Salazar"},"content":{"rendered":"<p style=\"text-align: justify;\">La presidenta de la Asamblea Permanente de Derechos Humanos de Bolivia (Apdhb), Amparo Carvajal, descart\u00f3 cualquier di\u00e1logo para renovar directiva de la instituci\u00f3n, porque su gesti\u00f3n concluye en 2025.<\/p>\n<p style=\"text-align: justify;\">\u201cNo dialogar\u00e9 con Edgar Salazar porque es un avasallador. Yo le gan\u00e9 por un voto en las elecciones de 2017. Luego, en 2019 \u00e9l me desconoci\u00f3, se hizo apoyar con la COB y otros sectores sociales masistas, para hacerse elegir. En marzo de este a\u00f1o yo fui ratificada hasta 2025, y eso no se negocia. Aunque digan que soy vieja, que no tengo la capacidad, soy la presidenta y lo har\u00e9 respetar\u201d.<\/p>\n<p style=\"text-align: justify;\">Ayer deb\u00eda comenzar la negociaci\u00f3n con la mediaci\u00f3n del presidente del Tribunal Supremo Electoral (TSE), Oscar Hassenteufel, pero su retorno de Espa\u00f1a, donde encabez\u00f3 una de las misiones de observaci\u00f3n electoral de las elecciones del domingo en ese pa\u00eds, se retras\u00f3, as\u00ed que todo qued\u00f3 pendiente.<\/p>\n<p style=\"text-align: justify;\">Por su parte, el dirigente chuquisaque\u00f1o Salazar conmin\u00f3 a Amparo Carvajal a renunciar a sus aspiraciones de seguir en la presidencia, dio un paso al costado y pidi\u00f3 que se haga una nueva elecci\u00f3n de unidad. Eso no ser\u00e1 aceptado por ella en ning\u00fan caso.<\/p>\n<p style=\"text-align: justify;\">Ayer por la tarde, El notario p\u00fablico Rodrigo Calcina inform\u00f3 que el actuado notarial en las oficinas de la Apdhb ha concluido sin inconvenientes, ahora toca elaborar el acta notarial que servir\u00e1 de base para los pasos que vienen (la negociaci\u00f3n de las partes). \u201cNo ha habido ninguna observaci\u00f3n de las partes\u201d.<\/p>\n<p style=\"text-align: justify;\">Pero, algunas de las puertas de la Asamblea en La Paz fueron abiertas este martes con la ayuda de un cerrajero para el anunciado inventario de las pertenencias.<br \/>\nEl obrero, que logr\u00f3 abrir las puertas en horas de la ma\u00f1ana, dijo que \u201cestaban bloqueadas, le han puesto La Gotita (pegamento), le han bloqueado con no s\u00e9 qu\u00e9, no pod\u00eda entrar la llave y he tenido que hacer la apertura\u201d, se\u00f1al\u00f3 el trabajador en un contacto con algunos medios que se encontraban en el lugar.<\/p>\n<p style=\"text-align: justify;\">Adem\u00e1s, asegur\u00f3 no recordar la cantidad de puertas que logr\u00f3 abrir en las instalaciones de la instituci\u00f3n, que estaba tomada por el grupo de Edgar Salazar desde el 2 de junio hasta la noche del 22 de julio, pero aclar\u00f3 que las cerraduras ya est\u00e1n \u201cinservibles\u201d y que se debe cambiar todo.<\/p>\n<p style=\"text-align: justify;\">Pese a que el s\u00e1bado parec\u00eda que hab\u00eda un principio de acuerdo, la tensi\u00f3n entre ambos sectores nuevamente fue en aumento durante las \u00faltimas horas.<\/p>\n","protected":false},"excerpt":{"rendered":"<p>La presidenta de la Asamblea Permanente de Derechos Humanos de Bolivia (Apdhb), Amparo Carvajal, descart\u00f3 cualquier di\u00e1logo para renovar directiva de la instituci\u00f3n, porque su gesti\u00f3n concluye en 2025. \u201cNo dialogar\u00e9 con Edgar Salazar porque es un avasallador. Yo le gan\u00e9 por un voto en las elecciones de 2017. Luego, en 2019 \u00e9l me desconoci\u00f3, [&hellip;]<\/p>\n","protected":false},"author":4,"featured_media":54962,"comment_status":"open","ping_status":"closed","sticky":false,"template":"","format":"standard","meta":{"footnotes":""},"categories":[18],"tags":[],"class_list":{"0":"post-54961","1":"post","2":"type-post","3":"status-publish","4":"format-standard","5":"has-post-thumbnail","7":"category-politica"},"_links":{"self":[{"href":"https:\/\/jms.com.bo\/mediamonitor\/wp-json\/wp\/v2\/posts\/54961","targetHints":{"allow":["GET"]}}],"collection":[{"href":"https:\/\/jms.com.bo\/mediamonitor\/wp-json\/wp\/v2\/posts"}],"about":[{"href":"https:\/\/jms.com.bo\/mediamonitor\/wp-json\/wp\/v2\/types\/post"}],"author":[{"embeddable":true,"href":"https:\/\/jms.com.bo\/mediamonitor\/wp-json\/wp\/v2\/users\/4"}],"replies":[{"embeddable":true,"href":"https:\/\/jms.com.bo\/mediamonitor\/wp-json\/wp\/v2\/comments?post=54961"}],"version-history":[{"count":0,"href":"https:\/\/jms.com.bo\/mediamonitor\/wp-json\/wp\/v2\/posts\/54961\/revisions"}],"wp:featuredmedia":[{"embeddable":true,"href":"https:\/\/jms.com.bo\/mediamonitor\/wp-json\/wp\/v2\/media\/54962"}],"wp:attachment":[{"href":"https:\/\/jms.com.bo\/mediamonitor\/wp-json\/wp\/v2\/media?parent=54961"}],"wp:term":[{"taxonomy":"category","embeddable":true,"href":"https:\/\/jms.com.bo\/mediamonitor\/wp-json\/wp\/v2\/categories?post=54961"},{"taxonomy":"post_tag","embeddable":true,"href":"https:\/\/jms.com.bo\/mediamonitor\/wp-json\/wp\/v2\/tags?post=54961"}],"curies":[{"name":"wp","href":"https:\/\/api.w.org\/{rel}","templated":true}]}}