{"id":54963,"date":"2023-07-26T06:49:14","date_gmt":"2023-07-26T10:49:14","guid":{"rendered":"https:\/\/jms.com.bo\/mediamonitor\/2023\/07\/26\/surge-corriente-en-el-mas-para-realizar-congreso-partidario-en-el-alto-y-no-en-el-tropico-de-cochabamba\/"},"modified":"2023-07-26T06:49:14","modified_gmt":"2023-07-26T10:49:14","slug":"surge-corriente-en-el-mas-para-realizar-congreso-partidario-en-el-alto-y-no-en-el-tropico-de-cochabamba","status":"publish","type":"post","link":"https:\/\/jms.com.bo\/mediamonitor\/2023\/07\/26\/surge-corriente-en-el-mas-para-realizar-congreso-partidario-en-el-alto-y-no-en-el-tropico-de-cochabamba\/","title":{"rendered":"Surge corriente en el MAS para realizar congreso partidario en El Alto y no en el Tr\u00f3pico de Cochabamba"},"content":{"rendered":"<p style=\"text-align: justify;\">Diputados del ala \u201carcista\u201d informaron que organizaciones sociales est\u00e1n solicitando que el Congreso del Movimiento al Socialismo (MAS) se realice en El Alto y as\u00ed en el Tr\u00f3pico de Cochabamba, como se hab\u00eda determinado.<\/p>\n<p style=\"text-align: justify;\">La dirigencia del MAS, del sector af\u00edn a Evo Morales, determin\u00f3 realizar el Congreso en octubre en Lauca E\u00f1e en el Tr\u00f3pico de Cochabamba. En esa reuni\u00f3n se debe definir la directiva nacional del Instrumento Pol\u00edtico de cara a las elecciones de 2025.<\/p>\n<p style=\"text-align: justify;\">Sin embargo, el jefe de bancada del MAS, Andr\u00e9s Flores, afirm\u00f3 que las organizaciones del Pacto de Unidad y la Central Obrera Boliviana (COB) est\u00e1n pidiendo que el Congreso se haga en El Alto y no en el Tr\u00f3pico.<\/p>\n<p style=\"text-align: justify;\">El diputado Rolando Cu\u00e9llar corrobor\u00f3 que organizaciones tienen esa intenci\u00f3n de hacer el Congreso en El Alto, como un reconocimiento al rol de esta ciudad y la zona de Senkata.<\/p>\n<p style=\"text-align: justify;\">Cu\u00e9llar manifest\u00f3 que las organizaciones sociales son due\u00f1as del MAS y que pueden decidir, de manera leg\u00edtima, llevar el Congreso a El Alto.<\/p>\n<p style=\"text-align: justify;\">Dijo que, de realizarse el traslado a El Alto del Congreso, Evo Morales peder\u00eda legitimidad y se quedar\u00eda s\u00f3lo intentando realizar la reuni\u00f3n en el Tr\u00f3pico.<\/p>\n<p style=\"text-align: justify;\">El diputado Flores dijo que como parlamentarios respetan las decisiones de la estructura org\u00e1nica y se deben sus federaciones.<\/p>\n<p style=\"text-align: justify;\">En el Congreso del MAS, la intenci\u00f3n del ala \u201cevista\u201d es ratificar a Evo Morales como presidente del Instrumento Pol\u00edtico.<\/p>\n<p style=\"text-align: justify;\">El diputado Cu\u00e9llar afirm\u00f3 que, para el Congreso, Morales ya no ser\u00e1 tomado en cuenta para dirigir al MAS y dejar\u00e1 la presidencia del Instrumento. Flores, por su parte, no quiso anticiparse en ese tema.<\/p>\n","protected":false},"excerpt":{"rendered":"<p>Diputados del ala \u201carcista\u201d informaron que organizaciones sociales est\u00e1n solicitando que el Congreso del Movimiento al Socialismo (MAS) se realice en El Alto y as\u00ed en el Tr\u00f3pico de Cochabamba, como se hab\u00eda determinado. La dirigencia del MAS, del sector af\u00edn a Evo Morales, determin\u00f3 realizar el Congreso en octubre en Lauca E\u00f1e en el [&hellip;]<\/p>\n","protected":false},"author":4,"featured_media":54964,"comment_status":"open","ping_status":"closed","sticky":false,"template":"","format":"standard","meta":{"footnotes":""},"categories":[18],"tags":[],"class_list":{"0":"post-54963","1":"post","2":"type-post","3":"status-publish","4":"format-standard","5":"has-post-thumbnail","7":"category-politica"},"_links":{"self":[{"href":"https:\/\/jms.com.bo\/mediamonitor\/wp-json\/wp\/v2\/posts\/54963","targetHints":{"allow":["GET"]}}],"collection":[{"href":"https:\/\/jms.com.bo\/mediamonitor\/wp-json\/wp\/v2\/posts"}],"about":[{"href":"https:\/\/jms.com.bo\/mediamonitor\/wp-json\/wp\/v2\/types\/post"}],"author":[{"embeddable":true,"href":"https:\/\/jms.com.bo\/mediamonitor\/wp-json\/wp\/v2\/users\/4"}],"replies":[{"embeddable":true,"href":"https:\/\/jms.com.bo\/mediamonitor\/wp-json\/wp\/v2\/comments?post=54963"}],"version-history":[{"count":0,"href":"https:\/\/jms.com.bo\/mediamonitor\/wp-json\/wp\/v2\/posts\/54963\/revisions"}],"wp:featuredmedia":[{"embeddable":true,"href":"https:\/\/jms.com.bo\/mediamonitor\/wp-json\/wp\/v2\/media\/54964"}],"wp:attachment":[{"href":"https:\/\/jms.com.bo\/mediamonitor\/wp-json\/wp\/v2\/media?parent=54963"}],"wp:term":[{"taxonomy":"category","embeddable":true,"href":"https:\/\/jms.com.bo\/mediamonitor\/wp-json\/wp\/v2\/categories?post=54963"},{"taxonomy":"post_tag","embeddable":true,"href":"https:\/\/jms.com.bo\/mediamonitor\/wp-json\/wp\/v2\/tags?post=54963"}],"curies":[{"name":"wp","href":"https:\/\/api.w.org\/{rel}","templated":true}]}}