{"id":54967,"date":"2023-07-26T06:52:17","date_gmt":"2023-07-26T10:52:17","guid":{"rendered":"https:\/\/jms.com.bo\/mediamonitor\/2023\/07\/26\/camara-binacional-boliviano-paraguaya-y-el-ministerio-de-industria-y-comercio-de-paraguay-impulsaran-desarrollo-industrial\/"},"modified":"2023-07-26T06:52:17","modified_gmt":"2023-07-26T10:52:17","slug":"camara-binacional-boliviano-paraguaya-y-el-ministerio-de-industria-y-comercio-de-paraguay-impulsaran-desarrollo-industrial","status":"publish","type":"post","link":"https:\/\/jms.com.bo\/mediamonitor\/2023\/07\/26\/camara-binacional-boliviano-paraguaya-y-el-ministerio-de-industria-y-comercio-de-paraguay-impulsaran-desarrollo-industrial\/","title":{"rendered":"C\u00e1mara Binacional Boliviano Paraguaya y el Ministerio de Industria y Comercio de Paraguay impulsar\u00e1n desarrollo industrial"},"content":{"rendered":"<p style=\"text-align: justify;\">Con el objetivo de fortalecer las relaciones comerciales y el fomento de la industria entre Bolivia y Paraguay, la C\u00e1mara Binacional Boliviano Paraguaya y el Ministerio de Industria y Comercio de Paraguay (MIC), firmaron un acuerdo para impulsar el desarrollo de ambos pa\u00edses.<\/p>\n<p style=\"text-align: justify;\">El memor\u00e1ndum de entendimiento fue firmado el 19 de julio pasado en el marco de la 5ta Misi\u00f3n Comercial organizada por la C\u00e1mara Binacional.<\/p>\n<p style=\"text-align: justify;\">Participaron por Paraguay el viceministro de Industria, Francisco Ruiz; la viceministra de la Red de Inversiones y Exportaciones (REDIEX), Gilda Arr\u00e9llaga; y el presidente de la C\u00e1mara Binacional Boliviano Paraguaya, Jos\u00e9 Luis Camacho Miserendino.<\/p>\n<p style=\"text-align: justify;\">El documento apunta a promover el desarrollo de la industria y el comercio en ambos pa\u00edses, mediante la implementaci\u00f3n de procesos din\u00e1micos y la simplificaci\u00f3n de tr\u00e1mites. Se apunta, explicaron, a generar una mayor atracci\u00f3n de inversiones y potenciar el crecimiento econ\u00f3mico en la regi\u00f3n.<\/p>\n<p style=\"text-align: justify;\">Camacho destac\u00f3 la importancia de esta alianza que busca establecer un marco de cooperaci\u00f3n s\u00f3lido y sostenible.<\/p>\n<p style=\"text-align: justify;\">Misi\u00f3n a Paraguay<\/p>\n<p style=\"text-align: justify;\">La C\u00e1mara Binacional organiz\u00f3, del 16 al 21 de julio, la 5ta Misi\u00f3n Comercial al Paraguay con la participaci\u00f3n de m\u00e1s de 25 empresas de ambos pa\u00edses.<\/p>\n<p style=\"text-align: justify;\">La misi\u00f3n ofreci\u00f3 varias actividades que permitieron a los participantes conocer de cerca su potencial. Hubo capacitaciones legales, tributarias, migratorias, entre otros dictadas por especialistas en el \u00e1rea corporativa.<\/p>\n<p style=\"text-align: justify;\">Adem\u00e1s, participaron de distintos eventos de Networking empresarial, donde tuvieron la oportunidad de ampliar su red de contactos; visitaron empresas y proyectos de inversi\u00f3n. Adicionalmente, asistieron a la rueda internacional de negocios, generando nuevas oportunidades comerciales.<\/p>\n<p style=\"text-align: justify;\">Asimismo, los empresarios tuvieron la oportunidad de reunirse con autoridades del Ministerio de Relaciones Exteriores, el Ministerio de Tecnolog\u00edas de la Informaci\u00f3n y Comunicaci\u00f3n. Adem\u00e1s, el Viceministerio de Coordinaci\u00f3n Econ\u00f3mica y Social y Direcci\u00f3n General de Inversiones.<\/p>\n<p style=\"text-align: justify;\">Camacho calific\u00f3 como exitosa la misi\u00f3n, destacando la importancia de estrechar lazos entre ambos pa\u00edses hermanos. \u00abEsta misi\u00f3n comercial ha superado nuestras expectativas. Es un paso significativo hacia el fortalecimiento de nuestras relaciones comerciales, la promoci\u00f3n de la inversi\u00f3n y el crecimiento empresarial\u00bb, afirm\u00f3.<\/p>\n","protected":false},"excerpt":{"rendered":"<p>Con el objetivo de fortalecer las relaciones comerciales y el fomento de la industria entre Bolivia y Paraguay, la C\u00e1mara Binacional Boliviano Paraguaya y el Ministerio de Industria y Comercio de Paraguay (MIC), firmaron un acuerdo para impulsar el desarrollo de ambos pa\u00edses. El memor\u00e1ndum de entendimiento fue firmado el 19 de julio pasado en [&hellip;]<\/p>\n","protected":false},"author":4,"featured_media":54968,"comment_status":"open","ping_status":"closed","sticky":false,"template":"","format":"standard","meta":{"footnotes":""},"categories":[25],"tags":[],"class_list":{"0":"post-54967","1":"post","2":"type-post","3":"status-publish","4":"format-standard","5":"has-post-thumbnail","7":"category-economia"},"_links":{"self":[{"href":"https:\/\/jms.com.bo\/mediamonitor\/wp-json\/wp\/v2\/posts\/54967","targetHints":{"allow":["GET"]}}],"collection":[{"href":"https:\/\/jms.com.bo\/mediamonitor\/wp-json\/wp\/v2\/posts"}],"about":[{"href":"https:\/\/jms.com.bo\/mediamonitor\/wp-json\/wp\/v2\/types\/post"}],"author":[{"embeddable":true,"href":"https:\/\/jms.com.bo\/mediamonitor\/wp-json\/wp\/v2\/users\/4"}],"replies":[{"embeddable":true,"href":"https:\/\/jms.com.bo\/mediamonitor\/wp-json\/wp\/v2\/comments?post=54967"}],"version-history":[{"count":0,"href":"https:\/\/jms.com.bo\/mediamonitor\/wp-json\/wp\/v2\/posts\/54967\/revisions"}],"wp:featuredmedia":[{"embeddable":true,"href":"https:\/\/jms.com.bo\/mediamonitor\/wp-json\/wp\/v2\/media\/54968"}],"wp:attachment":[{"href":"https:\/\/jms.com.bo\/mediamonitor\/wp-json\/wp\/v2\/media?parent=54967"}],"wp:term":[{"taxonomy":"category","embeddable":true,"href":"https:\/\/jms.com.bo\/mediamonitor\/wp-json\/wp\/v2\/categories?post=54967"},{"taxonomy":"post_tag","embeddable":true,"href":"https:\/\/jms.com.bo\/mediamonitor\/wp-json\/wp\/v2\/tags?post=54967"}],"curies":[{"name":"wp","href":"https:\/\/api.w.org\/{rel}","templated":true}]}}