{"id":54969,"date":"2023-07-26T06:53:18","date_gmt":"2023-07-26T10:53:18","guid":{"rendered":"https:\/\/jms.com.bo\/mediamonitor\/2023\/07\/26\/fmi-mejora-a-19-la-prevision-de-crecimiento-de-america-latina-para-este-ano\/"},"modified":"2023-07-26T06:53:18","modified_gmt":"2023-07-26T10:53:18","slug":"fmi-mejora-a-19-la-prevision-de-crecimiento-de-america-latina-para-este-ano","status":"publish","type":"post","link":"https:\/\/jms.com.bo\/mediamonitor\/2023\/07\/26\/fmi-mejora-a-19-la-prevision-de-crecimiento-de-america-latina-para-este-ano\/","title":{"rendered":"FMI mejora a 1,9% la previsi\u00f3n de crecimiento de Am\u00e9rica Latina para este a\u00f1o"},"content":{"rendered":"<p style=\"text-align: justify;\">La econom\u00eda de Am\u00e9rica Latina y el Caribe crecer\u00e1 1,9% este a\u00f1o, 0,3 puntos porcentuales m\u00e1s que lo previsto en abril, pronostic\u00f3 este martes el Fondo Monetario Internacional, que advierte de la importancia de seguir bajando la inflaci\u00f3n a nivel global.<\/p>\n<p style=\"text-align: justify;\">Esta mejora se debe al impulso de las dos principales econom\u00edas latinoamericanas: Brasil, cuya econom\u00eda se expandir\u00e1 2,1% (+1,2 puntos porcentuales respecto a la previsi\u00f3n de abril) y M\u00e9xico (2,6%, +0,8 puntos porcentuales), se\u00f1ala el FMI en la actualizaci\u00f3n de sus perspectivas econ\u00f3micas.<\/p>\n<p style=\"text-align: justify;\">Brasil crecer\u00e1 m\u00e1s de lo previsto tres meses atr\u00e1s, debido \u00abal aumento de la producci\u00f3n agr\u00edcola en el primer trimestre de 2023\u00bb, que repercute positivamente adem\u00e1s en el sector de servicios.<\/p>\n<p style=\"text-align: justify;\">En M\u00e9xico ha influido la consolidaci\u00f3n de la recuperaci\u00f3n en el sector de los servicios y \u00ablos efectos derivados de la resiliente demanda en Estados Unidos\u00bb, su principal socio comercial.<\/p>\n<p style=\"text-align: justify;\">El crecimiento previsto en la regi\u00f3n en 2023 es bastante inferior al 3,9% de 2022 a causa \u00abde la reciente moderaci\u00f3n\u00bb de la expansi\u00f3n pospandemia y \u00abal descenso de los precios de las materias primas\u00bb.<\/p>\n<p style=\"text-align: justify;\">En 2024, la econom\u00eda de la regi\u00f3n crecer\u00e1 2,2%, sin cambios respecto a los pron\u00f3sticos anteriores. A nivel global, la instituci\u00f3n financiera insiste en que el panorama, aunque mejor de lo anticipado, \u00absigue siendo d\u00e9bil desde una perspectiva hist\u00f3rica\u00bb. La subida de las tasas de inter\u00e9s para combatir la inflaci\u00f3n \u00absigue lastrando la actividad econ\u00f3mica\u00bb, asegura.<\/p>\n<p style=\"text-align: justify;\">El FMI prev\u00e9 que la inflaci\u00f3n mundial baje de 8,7% en 2022 a 6,8% en 2023 y 5,2% en 2024, pero la subyacente (que excluye los precios de los alimentos y la energ\u00eda) disminuir\u00e1 \u00abde forma m\u00e1s gradual\u00bb.<\/p>\n","protected":false},"excerpt":{"rendered":"<p>La econom\u00eda de Am\u00e9rica Latina y el Caribe crecer\u00e1 1,9% este a\u00f1o, 0,3 puntos porcentuales m\u00e1s que lo previsto en abril, pronostic\u00f3 este martes el Fondo Monetario Internacional, que advierte de la importancia de seguir bajando la inflaci\u00f3n a nivel global. Esta mejora se debe al impulso de las dos principales econom\u00edas latinoamericanas: Brasil, cuya [&hellip;]<\/p>\n","protected":false},"author":4,"featured_media":54970,"comment_status":"open","ping_status":"closed","sticky":false,"template":"","format":"standard","meta":{"footnotes":""},"categories":[25],"tags":[],"class_list":{"0":"post-54969","1":"post","2":"type-post","3":"status-publish","4":"format-standard","5":"has-post-thumbnail","7":"category-economia"},"_links":{"self":[{"href":"https:\/\/jms.com.bo\/mediamonitor\/wp-json\/wp\/v2\/posts\/54969","targetHints":{"allow":["GET"]}}],"collection":[{"href":"https:\/\/jms.com.bo\/mediamonitor\/wp-json\/wp\/v2\/posts"}],"about":[{"href":"https:\/\/jms.com.bo\/mediamonitor\/wp-json\/wp\/v2\/types\/post"}],"author":[{"embeddable":true,"href":"https:\/\/jms.com.bo\/mediamonitor\/wp-json\/wp\/v2\/users\/4"}],"replies":[{"embeddable":true,"href":"https:\/\/jms.com.bo\/mediamonitor\/wp-json\/wp\/v2\/comments?post=54969"}],"version-history":[{"count":0,"href":"https:\/\/jms.com.bo\/mediamonitor\/wp-json\/wp\/v2\/posts\/54969\/revisions"}],"wp:featuredmedia":[{"embeddable":true,"href":"https:\/\/jms.com.bo\/mediamonitor\/wp-json\/wp\/v2\/media\/54970"}],"wp:attachment":[{"href":"https:\/\/jms.com.bo\/mediamonitor\/wp-json\/wp\/v2\/media?parent=54969"}],"wp:term":[{"taxonomy":"category","embeddable":true,"href":"https:\/\/jms.com.bo\/mediamonitor\/wp-json\/wp\/v2\/categories?post=54969"},{"taxonomy":"post_tag","embeddable":true,"href":"https:\/\/jms.com.bo\/mediamonitor\/wp-json\/wp\/v2\/tags?post=54969"}],"curies":[{"name":"wp","href":"https:\/\/api.w.org\/{rel}","templated":true}]}}