{"id":55035,"date":"2023-07-27T06:15:13","date_gmt":"2023-07-27T10:15:13","guid":{"rendered":"https:\/\/jms.com.bo\/mediamonitor\/2023\/07\/27\/ministerio-de-salud-posesiona-a-dos-nuevas-autoridades\/"},"modified":"2023-07-27T06:15:13","modified_gmt":"2023-07-27T10:15:13","slug":"ministerio-de-salud-posesiona-a-dos-nuevas-autoridades","status":"publish","type":"post","link":"https:\/\/jms.com.bo\/mediamonitor\/2023\/07\/27\/ministerio-de-salud-posesiona-a-dos-nuevas-autoridades\/","title":{"rendered":"Ministerio de Salud posesiona a dos nuevas autoridades"},"content":{"rendered":"<p style=\"text-align: justify;\">Max Enr\u00edquez Nava es el nuevo viceministro de Promoci\u00f3n, Vigilancia Epidemiol\u00f3gica y Medicina Tradicional, mientras que Ver\u00f3nica Casablanca asumi\u00f3 como directora General Ejecutiva de la Agencia de Infraestructura en Salud y Equipamiento M\u00e9dico (AISEM). Este mi\u00e9rcoles fueron posesionados por la ministra de Salud, Mar\u00eda Ren\u00e9e Castro.<\/p>\n<p style=\"text-align: justify;\">\u201cEl cargo que asumo hoy es de vital trascendencia y por ello, mi compromiso de trabajar incansablemente para que sigamos en la senda de atender oportunamente las diferentes enfermedades que se van presentando en el pa\u00eds\u201d, manifest\u00f3 el flamante viceministro.<\/p>\n<p style=\"text-align: justify;\">Enr\u00edquez Nava es de profesi\u00f3n M\u00e9dico Cirujano, salubrista, epidemi\u00f3logo. Tiene una maestr\u00eda en Salud P\u00fablica. Ocup\u00f3 los cargos de: responsable del Programa Chagas, jefe de la Unidad de Epidemiolog\u00eda, director de Promoci\u00f3n de la Salud, director de Planificaci\u00f3n, coordinador nacional del Sistema de Informaci\u00f3n SNIS y hasta este mi\u00e9rcoles fue responsable del Programa Ampliado de Inmunizaci\u00f3n (PAI), de acuerdo con ese Ministerio.<\/p>\n","protected":false},"excerpt":{"rendered":"<p>Max Enr\u00edquez Nava es el nuevo viceministro de Promoci\u00f3n, Vigilancia Epidemiol\u00f3gica y Medicina Tradicional, mientras que Ver\u00f3nica Casablanca asumi\u00f3 como directora General Ejecutiva de la Agencia de Infraestructura en Salud y Equipamiento M\u00e9dico (AISEM). Este mi\u00e9rcoles fueron posesionados por la ministra de Salud, Mar\u00eda Ren\u00e9e Castro. \u201cEl cargo que asumo hoy es de vital trascendencia [&hellip;]<\/p>\n","protected":false},"author":4,"featured_media":55036,"comment_status":"open","ping_status":"closed","sticky":false,"template":"","format":"standard","meta":{"footnotes":""},"categories":[53],"tags":[],"class_list":{"0":"post-55035","1":"post","2":"type-post","3":"status-publish","4":"format-standard","5":"has-post-thumbnail","7":"category-salud"},"_links":{"self":[{"href":"https:\/\/jms.com.bo\/mediamonitor\/wp-json\/wp\/v2\/posts\/55035","targetHints":{"allow":["GET"]}}],"collection":[{"href":"https:\/\/jms.com.bo\/mediamonitor\/wp-json\/wp\/v2\/posts"}],"about":[{"href":"https:\/\/jms.com.bo\/mediamonitor\/wp-json\/wp\/v2\/types\/post"}],"author":[{"embeddable":true,"href":"https:\/\/jms.com.bo\/mediamonitor\/wp-json\/wp\/v2\/users\/4"}],"replies":[{"embeddable":true,"href":"https:\/\/jms.com.bo\/mediamonitor\/wp-json\/wp\/v2\/comments?post=55035"}],"version-history":[{"count":0,"href":"https:\/\/jms.com.bo\/mediamonitor\/wp-json\/wp\/v2\/posts\/55035\/revisions"}],"wp:featuredmedia":[{"embeddable":true,"href":"https:\/\/jms.com.bo\/mediamonitor\/wp-json\/wp\/v2\/media\/55036"}],"wp:attachment":[{"href":"https:\/\/jms.com.bo\/mediamonitor\/wp-json\/wp\/v2\/media?parent=55035"}],"wp:term":[{"taxonomy":"category","embeddable":true,"href":"https:\/\/jms.com.bo\/mediamonitor\/wp-json\/wp\/v2\/categories?post=55035"},{"taxonomy":"post_tag","embeddable":true,"href":"https:\/\/jms.com.bo\/mediamonitor\/wp-json\/wp\/v2\/tags?post=55035"}],"curies":[{"name":"wp","href":"https:\/\/api.w.org\/{rel}","templated":true}]}}