{"id":55039,"date":"2023-07-27T06:18:06","date_gmt":"2023-07-27T10:18:06","guid":{"rendered":"https:\/\/jms.com.bo\/mediamonitor\/2023\/07\/27\/la-soya-boliviana-empieza-a-poblar-campos-cubanos\/"},"modified":"2023-07-27T06:18:06","modified_gmt":"2023-07-27T10:18:06","slug":"la-soya-boliviana-empieza-a-poblar-campos-cubanos","status":"publish","type":"post","link":"https:\/\/jms.com.bo\/mediamonitor\/2023\/07\/27\/la-soya-boliviana-empieza-a-poblar-campos-cubanos\/","title":{"rendered":"La soya boliviana empieza a poblar campos cubanos"},"content":{"rendered":"<p style=\"text-align: justify;\">La soya boliviana empieza a poblar campos cubanos tras el trabajo bilateral realizado entre Bolivia y Cuba, destac\u00f3 este mi\u00e9rcoles la ministra de la Presidencia, Mar\u00eda Nela Prada.<\/p>\n<p style=\"text-align: justify;\">La agenda bilateral Bolivia-Cuba, que apuesta a \u201cuna producci\u00f3n y reproducci\u00f3n de la vida, no por una producci\u00f3n y reproducci\u00f3n del capital\u201d, avanza especialmente en materia de la seguridad con soberan\u00eda alimentaria, tema de principal inter\u00e9s para el presidente Luis Arce, desde el inicio de su mandato, afirm\u00f3.<\/p>\n<p style=\"text-align: justify;\">La declaraci\u00f3n la hizo luego del acto por el 70 aniversario del asalto a los cuarteles Moncada y Carlos Manuel de C\u00e9spedes, gesta hist\u00f3rica liderada por Fidel Castro y que marc\u00f3 el inicio de la victoria de la Revoluci\u00f3n Cubana de 1959.<\/p>\n<p style=\"text-align: justify;\">\u201cEmpezamos a trabajar de manera conjunta en la producci\u00f3n de distintas semillas para granos, por ejemplo, soya, que va a beneficiar luego a otras cadenas de producci\u00f3n, para ver c\u00f3mo se dar\u00edan en Cuba, y hemos hecho ese intercambio junto tambi\u00e9n a material gen\u00e9tico para la producci\u00f3n de ganado, y est\u00e1 realmente avanzando con resultados que nos alegran much\u00edsimo\u201d, a\u00f1adi\u00f3.<\/p>\n<p style=\"text-align: justify;\">Coment\u00f3 que en el reciente viaje a Cuba con el \u201cpresidente Luis Arce, cumpliendo una agenda bilateral, hemos hecho seguimiento a esta producci\u00f3n, y ya hay campos que est\u00e1n dando resultados\u201d.<\/p>\n<p style=\"text-align: justify;\">El 22 de marzo, el ministro de Desarrollo Rural y Tierras, Remmy Gonzales, inform\u00f3 que Bolivia tiene \u201cresultados muy alentadores\u201d con el incremento del rendimiento de los en el cultivo de soya, por lo que asesora a Cuba en la producci\u00f3n de este tipo de grano.<\/p>\n<p style=\"text-align: justify;\">Bolivia tiene \u201cresultados muy alentadores\u201d en el cultivo de soya, pues obtuvo rendimientos por encima de dos toneladas (t) en m\u00e1s de 13 variedades, \u201ctodas probadas con \u00e9xito\u201d, destac\u00f3<\/p>\n<p style=\"text-align: justify;\">Al igual que Bolivia, Cuba enmarca su pol\u00edtica de Estado en garantizar la seguridad alimentaria con soberan\u00eda, fortaleciendo a las micro, peque\u00f1os y medianos productores con programas, proyectos y capacitaci\u00f3n t\u00e9cnica, adem\u00e1s de abrir mercados internacionales para los productos con excedentes.<\/p>\n","protected":false},"excerpt":{"rendered":"<p>La soya boliviana empieza a poblar campos cubanos tras el trabajo bilateral realizado entre Bolivia y Cuba, destac\u00f3 este mi\u00e9rcoles la ministra de la Presidencia, Mar\u00eda Nela Prada. La agenda bilateral Bolivia-Cuba, que apuesta a \u201cuna producci\u00f3n y reproducci\u00f3n de la vida, no por una producci\u00f3n y reproducci\u00f3n del capital\u201d, avanza especialmente en materia de [&hellip;]<\/p>\n","protected":false},"author":4,"featured_media":55040,"comment_status":"open","ping_status":"closed","sticky":false,"template":"","format":"standard","meta":{"footnotes":""},"categories":[52],"tags":[],"class_list":{"0":"post-55039","1":"post","2":"type-post","3":"status-publish","4":"format-standard","5":"has-post-thumbnail","7":"category-alimentos-agroindustria"},"_links":{"self":[{"href":"https:\/\/jms.com.bo\/mediamonitor\/wp-json\/wp\/v2\/posts\/55039","targetHints":{"allow":["GET"]}}],"collection":[{"href":"https:\/\/jms.com.bo\/mediamonitor\/wp-json\/wp\/v2\/posts"}],"about":[{"href":"https:\/\/jms.com.bo\/mediamonitor\/wp-json\/wp\/v2\/types\/post"}],"author":[{"embeddable":true,"href":"https:\/\/jms.com.bo\/mediamonitor\/wp-json\/wp\/v2\/users\/4"}],"replies":[{"embeddable":true,"href":"https:\/\/jms.com.bo\/mediamonitor\/wp-json\/wp\/v2\/comments?post=55039"}],"version-history":[{"count":0,"href":"https:\/\/jms.com.bo\/mediamonitor\/wp-json\/wp\/v2\/posts\/55039\/revisions"}],"wp:featuredmedia":[{"embeddable":true,"href":"https:\/\/jms.com.bo\/mediamonitor\/wp-json\/wp\/v2\/media\/55040"}],"wp:attachment":[{"href":"https:\/\/jms.com.bo\/mediamonitor\/wp-json\/wp\/v2\/media?parent=55039"}],"wp:term":[{"taxonomy":"category","embeddable":true,"href":"https:\/\/jms.com.bo\/mediamonitor\/wp-json\/wp\/v2\/categories?post=55039"},{"taxonomy":"post_tag","embeddable":true,"href":"https:\/\/jms.com.bo\/mediamonitor\/wp-json\/wp\/v2\/tags?post=55039"}],"curies":[{"name":"wp","href":"https:\/\/api.w.org\/{rel}","templated":true}]}}