{"id":55041,"date":"2023-07-27T06:19:28","date_gmt":"2023-07-27T10:19:28","guid":{"rendered":"https:\/\/jms.com.bo\/mediamonitor\/2023\/07\/27\/ministro-gonzales-y-representante-del-banco-mundial-coordinan-proyectos-agricolas\/"},"modified":"2023-07-27T06:19:28","modified_gmt":"2023-07-27T10:19:28","slug":"ministro-gonzales-y-representante-del-banco-mundial-coordinan-proyectos-agricolas","status":"publish","type":"post","link":"https:\/\/jms.com.bo\/mediamonitor\/2023\/07\/27\/ministro-gonzales-y-representante-del-banco-mundial-coordinan-proyectos-agricolas\/","title":{"rendered":"Ministro Gonz\u00e1les y representante del Banco Mundial coordinan proyectos agr\u00edcolas"},"content":{"rendered":"<p style=\"text-align: justify;\">El ministro de Desarrollo Rural y Tierras, Remmy Gonz\u00e1les, se reuni\u00f3 este mi\u00e9rcoles con la representante del Banco Mundial en Bolivia, Camile Nuamah, con quien coordin\u00f3 sobre la ejecuci\u00f3n y continuidad de proyectos de agricultura y desarrollo de familias productoras.<\/p>\n<p style=\"text-align: justify;\">Seg\u00fan un informe de esa cartera del Estado, se repas\u00f3 el apoyo que brinda el organismo de cooperaci\u00f3n internacional al pa\u00eds a trav\u00e9s del proyecto Alianzas Rurales (PAR II y PAR IIII).<\/p>\n<p style=\"text-align: justify;\">El programa posibilita el apoyo a m\u00e1s de 70.000 familias productoras del \u00e1rea rural, mediante la conformaci\u00f3n de alianzas orientadas a mejorar la producci\u00f3n y acceso a mercados. Adem\u00e1s, se ejecutan inversiones a peque\u00f1a escala en la construcci\u00f3n de infraestructura productiva y servicios.<\/p>\n<p style=\"text-align: justify;\">Camile Nuamah, de nacionalidad jamaiquina, asumi\u00f3 el 7 de julio la representaci\u00f3n del Banco Mundial en Bolivia. Es economista formada en la Universidad de Columbia en Estados Unidos y tiene estudios de doctorado en Econom\u00eda en la Universidad de Nueva York.<\/p>\n<p style=\"text-align: justify;\">Tiene m\u00e1s de 26 a\u00f1os de experiencia en desarrollo en el Banco Mundial, ocup\u00f3 la representaci\u00f3n del organismo en Albania (2007-2010); Nicaragua (2010-2014); Zimbabue (2017-2017) y fue asesora de Operaciones en la regi\u00f3n de \u00c1frica, entre otros importantes cargos.<\/p>\n","protected":false},"excerpt":{"rendered":"<p>El ministro de Desarrollo Rural y Tierras, Remmy Gonz\u00e1les, se reuni\u00f3 este mi\u00e9rcoles con la representante del Banco Mundial en Bolivia, Camile Nuamah, con quien coordin\u00f3 sobre la ejecuci\u00f3n y continuidad de proyectos de agricultura y desarrollo de familias productoras. Seg\u00fan un informe de esa cartera del Estado, se repas\u00f3 el apoyo que brinda el [&hellip;]<\/p>\n","protected":false},"author":4,"featured_media":55042,"comment_status":"open","ping_status":"closed","sticky":false,"template":"","format":"standard","meta":{"footnotes":""},"categories":[52],"tags":[],"class_list":{"0":"post-55041","1":"post","2":"type-post","3":"status-publish","4":"format-standard","5":"has-post-thumbnail","7":"category-alimentos-agroindustria"},"_links":{"self":[{"href":"https:\/\/jms.com.bo\/mediamonitor\/wp-json\/wp\/v2\/posts\/55041","targetHints":{"allow":["GET"]}}],"collection":[{"href":"https:\/\/jms.com.bo\/mediamonitor\/wp-json\/wp\/v2\/posts"}],"about":[{"href":"https:\/\/jms.com.bo\/mediamonitor\/wp-json\/wp\/v2\/types\/post"}],"author":[{"embeddable":true,"href":"https:\/\/jms.com.bo\/mediamonitor\/wp-json\/wp\/v2\/users\/4"}],"replies":[{"embeddable":true,"href":"https:\/\/jms.com.bo\/mediamonitor\/wp-json\/wp\/v2\/comments?post=55041"}],"version-history":[{"count":0,"href":"https:\/\/jms.com.bo\/mediamonitor\/wp-json\/wp\/v2\/posts\/55041\/revisions"}],"wp:featuredmedia":[{"embeddable":true,"href":"https:\/\/jms.com.bo\/mediamonitor\/wp-json\/wp\/v2\/media\/55042"}],"wp:attachment":[{"href":"https:\/\/jms.com.bo\/mediamonitor\/wp-json\/wp\/v2\/media?parent=55041"}],"wp:term":[{"taxonomy":"category","embeddable":true,"href":"https:\/\/jms.com.bo\/mediamonitor\/wp-json\/wp\/v2\/categories?post=55041"},{"taxonomy":"post_tag","embeddable":true,"href":"https:\/\/jms.com.bo\/mediamonitor\/wp-json\/wp\/v2\/tags?post=55041"}],"curies":[{"name":"wp","href":"https:\/\/api.w.org\/{rel}","templated":true}]}}