{"id":55043,"date":"2023-07-27T06:21:27","date_gmt":"2023-07-27T10:21:27","guid":{"rendered":"https:\/\/jms.com.bo\/mediamonitor\/2023\/07\/27\/maestros-anuncian-nuevas-medidas-por-ascenso-automatico\/"},"modified":"2023-07-27T06:21:27","modified_gmt":"2023-07-27T10:21:27","slug":"maestros-anuncian-nuevas-medidas-por-ascenso-automatico","status":"publish","type":"post","link":"https:\/\/jms.com.bo\/mediamonitor\/2023\/07\/27\/maestros-anuncian-nuevas-medidas-por-ascenso-automatico\/","title":{"rendered":"Maestros anuncian nuevas medidas por ascenso autom\u00e1tico"},"content":{"rendered":"<p style=\"text-align: justify;\">Como lo hab\u00edan anticipado, ayer, mi\u00e9rcoles, los maestros urbanos de Chuquisaca desarrollaron una protesta en el centro de Sucre. All\u00ed reiteraron su pedido al Gobierno de un ascenso de categor\u00eda de manera autom\u00e1tica al quinto a\u00f1o.<\/p>\n<p style=\"text-align: justify;\">Su secretario ejecutivo, Efra\u00edn Villalpando, explic\u00f3 que en el art\u00edculo 42 del reglamento de escalaf\u00f3n del magisterio indica que \u201cen caso de no aprobar el examen de ascenso al que acceden tras cumplir cuatro a\u00f1os en cada categor\u00eda, al siguiente a\u00f1o, pueden optar por el ascenso autom\u00e1tico\u201d.<\/p>\n<p style=\"text-align: justify;\">Adem\u00e1s, el dirigente insisti\u00f3 que el examen es \u201cuna trampa\u201d del Gobierno para que los educadores no accedan a su bono de antig\u00fcedad y as\u00ed \u201cahorrarse recursos econ\u00f3micos a costa de nuestros colegas\u201d.<\/p>\n<p style=\"text-align: justify;\">Respecto a las movilizaciones, se\u00f1al\u00f3 que en los pr\u00f3ximos d\u00edas se reunir\u00e1n en un consejo consultivo para evaluar nuevas medidas de presi\u00f3n a asumir en reclamo de sus demandas. Asimismo, los profesores llamaron a la Confederaci\u00f3n de Trabajadores de Educaci\u00f3n Urbana de Bolivia a convocar a una reuni\u00f3n nacional \u201cpara unificar fuerzas\u201d en su lucha.<\/p>\n","protected":false},"excerpt":{"rendered":"<p>Como lo hab\u00edan anticipado, ayer, mi\u00e9rcoles, los maestros urbanos de Chuquisaca desarrollaron una protesta en el centro de Sucre. All\u00ed reiteraron su pedido al Gobierno de un ascenso de categor\u00eda de manera autom\u00e1tica al quinto a\u00f1o. Su secretario ejecutivo, Efra\u00edn Villalpando, explic\u00f3 que en el art\u00edculo 42 del reglamento de escalaf\u00f3n del magisterio indica que [&hellip;]<\/p>\n","protected":false},"author":4,"featured_media":55044,"comment_status":"open","ping_status":"closed","sticky":false,"template":"","format":"standard","meta":{"footnotes":""},"categories":[49],"tags":[],"class_list":{"0":"post-55043","1":"post","2":"type-post","3":"status-publish","4":"format-standard","5":"has-post-thumbnail","7":"category-social"},"_links":{"self":[{"href":"https:\/\/jms.com.bo\/mediamonitor\/wp-json\/wp\/v2\/posts\/55043","targetHints":{"allow":["GET"]}}],"collection":[{"href":"https:\/\/jms.com.bo\/mediamonitor\/wp-json\/wp\/v2\/posts"}],"about":[{"href":"https:\/\/jms.com.bo\/mediamonitor\/wp-json\/wp\/v2\/types\/post"}],"author":[{"embeddable":true,"href":"https:\/\/jms.com.bo\/mediamonitor\/wp-json\/wp\/v2\/users\/4"}],"replies":[{"embeddable":true,"href":"https:\/\/jms.com.bo\/mediamonitor\/wp-json\/wp\/v2\/comments?post=55043"}],"version-history":[{"count":0,"href":"https:\/\/jms.com.bo\/mediamonitor\/wp-json\/wp\/v2\/posts\/55043\/revisions"}],"wp:featuredmedia":[{"embeddable":true,"href":"https:\/\/jms.com.bo\/mediamonitor\/wp-json\/wp\/v2\/media\/55044"}],"wp:attachment":[{"href":"https:\/\/jms.com.bo\/mediamonitor\/wp-json\/wp\/v2\/media?parent=55043"}],"wp:term":[{"taxonomy":"category","embeddable":true,"href":"https:\/\/jms.com.bo\/mediamonitor\/wp-json\/wp\/v2\/categories?post=55043"},{"taxonomy":"post_tag","embeddable":true,"href":"https:\/\/jms.com.bo\/mediamonitor\/wp-json\/wp\/v2\/tags?post=55043"}],"curies":[{"name":"wp","href":"https:\/\/api.w.org\/{rel}","templated":true}]}}