{"id":55045,"date":"2023-07-27T06:23:16","date_gmt":"2023-07-27T10:23:16","guid":{"rendered":"https:\/\/jms.com.bo\/mediamonitor\/2023\/07\/27\/crucenos-reabren-la-carpa-de-protesta-por-los-presos-politicos\/"},"modified":"2023-07-27T06:23:16","modified_gmt":"2023-07-27T10:23:16","slug":"crucenos-reabren-la-carpa-de-protesta-por-los-presos-politicos","status":"publish","type":"post","link":"https:\/\/jms.com.bo\/mediamonitor\/2023\/07\/27\/crucenos-reabren-la-carpa-de-protesta-por-los-presos-politicos\/","title":{"rendered":"Cruce\u00f1os reabren la carpa de protesta por los presos pol\u00edticos"},"content":{"rendered":"<p style=\"text-align: justify;\">Organizaciones sociales, activistas, comit\u00e9 c\u00edvico y pol\u00edticos han reinstalado una carpa de denuncia y protesta en la plaza 24 de Septiembre en Santa Cruz de la Sierra para denunciar que en Bolivia existe persecuci\u00f3n y detenciones indebidas, adem\u00e1s de presos pol\u00edticos por parte del Gobierno del MAS.<\/p>\n<p style=\"text-align: justify;\">El presidente del Comit\u00e9 pro Santa Cruz, Fernando Larach, en el inicio oficial de la protesta pac\u00edfica, \u201cinst\u00f3 a luchar por la democracia y por los perseguidos pol\u00edticos y compar\u00f3 a las autoridades del gobierno nacional con el dictador Luis Garc\u00eda Meza y su exministro Luis Arce G\u00f3mez, que al final tuvieron que pagar sus cr\u00edmenes en prisi\u00f3n\u201d.<\/p>\n<p style=\"text-align: justify;\">En la carpa se instalaron fotograf\u00edas de los presos pol\u00edticos. El gobernador de Santa Cruz, Luis Fernando Camacho; la expresidenta Jeanine \u00c1\u00f1ez, entre muchos otros.<\/p>\n<p style=\"text-align: justify;\">El gobernador, a trav\u00e9s de su cuenta de Twitter, expres\u00f3 que \u201cBolivia debe decidir entre la democracia y la dictadura. El camino que hemos escogido es el camino de la democracia. S\u00e9 que es un camino dif\u00edcil y agradezco la solidaridad de todos quienes nos acompa\u00f1an en esta causa\u201d.<\/p>\n<p style=\"text-align: justify;\">Su hijo, Luis Fernando, se\u00f1al\u00f3 que \u201cen ning\u00fan momento de mi vida pens\u00e9 que este toldo vuelva a estar en la plaza 24 de Septiembre, reclamando por una persecuci\u00f3n a todos los seres humanos que est\u00e1n en contra de este gobierno\u201d.<\/p>\n<p style=\"text-align: justify;\">El portavoz de la familia Camacho inst\u00f3 a recordar y valorar la lucha por la democracia y la libertad de estas personas, que adem\u00e1s de estar siendo perseguidos pol\u00edticos, tambi\u00e9n sufren torturas en centros de reclusi\u00f3n manejados por el Gobierno, tal es el caso del penal de Chonchocoro, donde se encuentra detenido su padre.<\/p>\n<p style=\"text-align: justify;\">En este punto, manifest\u00f3 la preocupaci\u00f3n por su estado de salud, para lo cual su familia ha emitido un comunicado y se espera que las autoridades del r\u00e9gimen penitenciario atiendan esta demanda que es humanitaria y no pol\u00edtica.<\/p>\n<p style=\"text-align: justify;\">Agreg\u00f3 que por el estado de la enfermedad del gobernador cruce\u00f1o han acudido a instancias internacionales, ya que no existe esperanza por la jurisdicci\u00f3n nacional debido a que es manejada a nivel pol\u00edtico. \u201cEstamos muy preocupados como familia, y hemos acudido a todas las instancias internacionales, ya que en las nacionales nosotros no tenemos mucha esperanza\u201d.<\/p>\n<p style=\"text-align: justify;\">El vicepresidente de la Asamblea Legislativa Departamental, Oscar Feeney, dijo que \u201cno es posible que a la m\u00e1xima autoridad del departamento m\u00e1s poblado, el que genera mayor econom\u00eda en el pa\u00eds, el m\u00e1s votado, lo agarran, lo secuestran y se lo llevan a una c\u00e1rcel de m\u00e1xima seguridad\u201d.<\/p>\n","protected":false},"excerpt":{"rendered":"<p>Organizaciones sociales, activistas, comit\u00e9 c\u00edvico y pol\u00edticos han reinstalado una carpa de denuncia y protesta en la plaza 24 de Septiembre en Santa Cruz de la Sierra para denunciar que en Bolivia existe persecuci\u00f3n y detenciones indebidas, adem\u00e1s de presos pol\u00edticos por parte del Gobierno del MAS. El presidente del Comit\u00e9 pro Santa Cruz, Fernando [&hellip;]<\/p>\n","protected":false},"author":4,"featured_media":55046,"comment_status":"open","ping_status":"closed","sticky":false,"template":"","format":"standard","meta":{"footnotes":""},"categories":[49],"tags":[],"class_list":{"0":"post-55045","1":"post","2":"type-post","3":"status-publish","4":"format-standard","5":"has-post-thumbnail","7":"category-social"},"_links":{"self":[{"href":"https:\/\/jms.com.bo\/mediamonitor\/wp-json\/wp\/v2\/posts\/55045","targetHints":{"allow":["GET"]}}],"collection":[{"href":"https:\/\/jms.com.bo\/mediamonitor\/wp-json\/wp\/v2\/posts"}],"about":[{"href":"https:\/\/jms.com.bo\/mediamonitor\/wp-json\/wp\/v2\/types\/post"}],"author":[{"embeddable":true,"href":"https:\/\/jms.com.bo\/mediamonitor\/wp-json\/wp\/v2\/users\/4"}],"replies":[{"embeddable":true,"href":"https:\/\/jms.com.bo\/mediamonitor\/wp-json\/wp\/v2\/comments?post=55045"}],"version-history":[{"count":0,"href":"https:\/\/jms.com.bo\/mediamonitor\/wp-json\/wp\/v2\/posts\/55045\/revisions"}],"wp:featuredmedia":[{"embeddable":true,"href":"https:\/\/jms.com.bo\/mediamonitor\/wp-json\/wp\/v2\/media\/55046"}],"wp:attachment":[{"href":"https:\/\/jms.com.bo\/mediamonitor\/wp-json\/wp\/v2\/media?parent=55045"}],"wp:term":[{"taxonomy":"category","embeddable":true,"href":"https:\/\/jms.com.bo\/mediamonitor\/wp-json\/wp\/v2\/categories?post=55045"},{"taxonomy":"post_tag","embeddable":true,"href":"https:\/\/jms.com.bo\/mediamonitor\/wp-json\/wp\/v2\/tags?post=55045"}],"curies":[{"name":"wp","href":"https:\/\/api.w.org\/{rel}","templated":true}]}}