{"id":55049,"date":"2023-07-27T06:26:31","date_gmt":"2023-07-27T10:26:31","guid":{"rendered":"https:\/\/jms.com.bo\/mediamonitor\/2023\/07\/27\/gobierno-confirmo-que-sistema-de-radares-entrara-en-funcionamiento-en-septiembre-de-este-ano\/"},"modified":"2023-07-27T06:26:31","modified_gmt":"2023-07-27T10:26:31","slug":"gobierno-confirmo-que-sistema-de-radares-entrara-en-funcionamiento-en-septiembre-de-este-ano","status":"publish","type":"post","link":"https:\/\/jms.com.bo\/mediamonitor\/2023\/07\/27\/gobierno-confirmo-que-sistema-de-radares-entrara-en-funcionamiento-en-septiembre-de-este-ano\/","title":{"rendered":"Gobierno confirm\u00f3 que sistema de radares entrar\u00e1 en funcionamiento en septiembre de este a\u00f1o"},"content":{"rendered":"<p style=\"text-align: justify;\">El sistema de radares que Bolivia contrat\u00f3 de Francia entrar\u00e1 en pleno funcionamiento desde septiembre de este a\u00f1o, seg\u00fan la explicaci\u00f3n del ministro de Defensa, Edmundo Novillo, ante el pleno del Senado, en mayo de este a\u00f1o. Tal como revel\u00f3 entonces, el avance para la entrega est\u00e1 en su fase final.<\/p>\n<p style=\"text-align: justify;\">\u201cDe acuerdo al \u00faltimo contrato modificatorio vigente, a la fecha, la empresa Thales (Air Systems), ha cumplido con el 95.45% de ejecuci\u00f3n del contrato del Sistema Integrado de Defensa A\u00e9rea y Control de Tr\u00e1nsito A\u00e9reo. Hasta este porcentaje, los sitios y radares concluidos, se encuentran en operaci\u00f3n y funcionamiento desde el 05 de diciembre de 2022. El porcentaje faltante, se encuentra en plena ejecuci\u00f3n y ser\u00e1 entregado el 22 de septiembre 2023\u201d, dijo el ministro en su informe ante la C\u00e1mara de Senadores cuando compareci\u00f3 en mayo de este a\u00f1o.<\/p>\n<p style=\"text-align: justify;\">En agosto de 2016 el Gobierno boliviano y la empresa francesa Thales Air Systems, suscribieron un contrato \u201cllave en mano\u201d para la dotaci\u00f3n de 13 radares civiles y militares que permita al Estado tener control del espacio a\u00e9reo, principalmente. Por las palabras del ministro, los radares ser\u00e1n entregados oficialmente siete a\u00f1os despu\u00e9s de la firma del contrato.<\/p>\n<p style=\"text-align: justify;\">El ministro Novillo tambi\u00e9n explic\u00f3 que en el tema de narcotr\u00e1fico existe un acuerdo interinstitucional con su par de Gobierno para que sea la Felcn la que tenga acceso a informaci\u00f3n sobre vuelos irregulares. El informe oral hab\u00eda sido planteado por el senador, Henry Montero (Creemos), quien consult\u00f3 sobre la ubicaci\u00f3n de los radares dentro el pa\u00eds.<\/p>\n<p style=\"text-align: justify;\">\u201cLa entidad (el ministerio) no pondr\u00e1 a disposici\u00f3n de otras personas ni dar\u00e1 a conocer informaci\u00f3n alguna relacionada con la documentaci\u00f3n (los detalles), sin el consentimiento previo escrito del proveedor (la empresa). Las obligaciones expresadas en esta provisi\u00f3n comprometen a la entidad (el ministerio) incluso despu\u00e9s del t\u00e9rmino del contrato\u201d, se\u00f1ala el contrato entre el Estado y la empresa francesa, que fue le\u00eddo por Edmundo Novillo.<\/p>\n<p style=\"text-align: justify;\">Tambi\u00e9n dijo que el decreto reglamentario de la Ley que permitir\u00e1 la intercepci\u00f3n de las aeronaves sospechosas de narcotr\u00e1fico est\u00e1 en su fase final, lo que significa que en este momento no pueden intervenir los aviones de la Fuerza A\u00e9rea Boliviana (FAB), porque no existe un documento legal que as\u00ed lo autorice.<\/p>\n<p style=\"text-align: justify;\">La autoridad respondi\u00f3 12 preguntas que fueron planteadas por el senador Montero, aunque las mismas fueron evasivas, como la del presupuesto que recibe la entidad que est\u00e1 encargada de la operaci\u00f3n de los radares y el personal que tiene a su cargo.<\/p>\n","protected":false},"excerpt":{"rendered":"<p>El sistema de radares que Bolivia contrat\u00f3 de Francia entrar\u00e1 en pleno funcionamiento desde septiembre de este a\u00f1o, seg\u00fan la explicaci\u00f3n del ministro de Defensa, Edmundo Novillo, ante el pleno del Senado, en mayo de este a\u00f1o. Tal como revel\u00f3 entonces, el avance para la entrega est\u00e1 en su fase final. \u201cDe acuerdo al \u00faltimo [&hellip;]<\/p>\n","protected":false},"author":4,"featured_media":55050,"comment_status":"open","ping_status":"closed","sticky":false,"template":"","format":"standard","meta":{"footnotes":""},"categories":[20],"tags":[],"class_list":{"0":"post-55049","1":"post","2":"type-post","3":"status-publish","4":"format-standard","5":"has-post-thumbnail","7":"category-actualidad"},"_links":{"self":[{"href":"https:\/\/jms.com.bo\/mediamonitor\/wp-json\/wp\/v2\/posts\/55049","targetHints":{"allow":["GET"]}}],"collection":[{"href":"https:\/\/jms.com.bo\/mediamonitor\/wp-json\/wp\/v2\/posts"}],"about":[{"href":"https:\/\/jms.com.bo\/mediamonitor\/wp-json\/wp\/v2\/types\/post"}],"author":[{"embeddable":true,"href":"https:\/\/jms.com.bo\/mediamonitor\/wp-json\/wp\/v2\/users\/4"}],"replies":[{"embeddable":true,"href":"https:\/\/jms.com.bo\/mediamonitor\/wp-json\/wp\/v2\/comments?post=55049"}],"version-history":[{"count":0,"href":"https:\/\/jms.com.bo\/mediamonitor\/wp-json\/wp\/v2\/posts\/55049\/revisions"}],"wp:featuredmedia":[{"embeddable":true,"href":"https:\/\/jms.com.bo\/mediamonitor\/wp-json\/wp\/v2\/media\/55050"}],"wp:attachment":[{"href":"https:\/\/jms.com.bo\/mediamonitor\/wp-json\/wp\/v2\/media?parent=55049"}],"wp:term":[{"taxonomy":"category","embeddable":true,"href":"https:\/\/jms.com.bo\/mediamonitor\/wp-json\/wp\/v2\/categories?post=55049"},{"taxonomy":"post_tag","embeddable":true,"href":"https:\/\/jms.com.bo\/mediamonitor\/wp-json\/wp\/v2\/tags?post=55049"}],"curies":[{"name":"wp","href":"https:\/\/api.w.org\/{rel}","templated":true}]}}