{"id":55051,"date":"2023-07-27T06:27:56","date_gmt":"2023-07-27T10:27:56","guid":{"rendered":"https:\/\/jms.com.bo\/mediamonitor\/2023\/07\/27\/bolivia-y-paraguay-firman-memorandum-para-impulsar-el-desarrollo-industrial\/"},"modified":"2023-07-27T06:27:56","modified_gmt":"2023-07-27T10:27:56","slug":"bolivia-y-paraguay-firman-memorandum-para-impulsar-el-desarrollo-industrial","status":"publish","type":"post","link":"https:\/\/jms.com.bo\/mediamonitor\/2023\/07\/27\/bolivia-y-paraguay-firman-memorandum-para-impulsar-el-desarrollo-industrial\/","title":{"rendered":"Bolivia y Paraguay firman memor\u00e1ndum para impulsar el desarrollo industrial"},"content":{"rendered":"<p style=\"text-align: justify;\">La C\u00e1mara Binacional Boliviano Paraguaya y el Ministerio de Industria y Comercio de Paraguay (MIC) firmaron un memor\u00e1ndum de entendimiento con el prop\u00f3sito de fortalecer las relaciones comerciales y el fomento de la industria y el comercio entre Bolivia y el pa\u00eds guaran\u00ed.<\/p>\n<p style=\"text-align: justify;\">Dicho acto se refrend\u00f3 en el marco de la 5ta Misi\u00f3n Comercial organizada por la C\u00e1mara Binacional, que cont\u00f3 con la presencia del viceministro de Industria, Francisco Ruiz; la viceministra de la Red de Inversiones y Exportaciones (Rediex), Gilda Arr\u00e9llaga; y el presidente de la C\u00e1mara Binacional Boliviano Paraguaya, Jos\u00e9 Luis Camacho Miserendino.<\/p>\n<p style=\"text-align: justify;\">La formalizaci\u00f3n del memor\u00e1ndum tiene por meta principal promover el desarrollo de la industria y el comercio en ambos pa\u00edses mediante la implementaci\u00f3n de procesos din\u00e1micos y la simplificaci\u00f3n de tr\u00e1mites, con el prop\u00f3sito de generar una mayor atracci\u00f3n de inversiones y potenciar el crecimiento econ\u00f3mico en la regi\u00f3n.<\/p>\n<p style=\"text-align: justify;\">El presidente Camacho destac\u00f3 la importancia de esta alianza, que busca establecer un marco de cooperaci\u00f3n s\u00f3lido y sostenible, para desarrollar estrategias conjuntas que mejoren la competitividad industrial, fomenten la innovaci\u00f3n y promuevan la inversi\u00f3n bilateral.<\/p>\n<p style=\"text-align: justify;\">En el marco de fortalecer y promover el intercambio empresarial entre ambos pa\u00edses, la C\u00e1mara organiz\u00f3 la quinta versi\u00f3n de la Misi\u00f3n Comercial al Paraguay, que cont\u00f3 con la participaci\u00f3n de m\u00e1s de 25 empresarios de Bolivia y Paraguay de diversos sectores.<\/p>\n<p style=\"text-align: justify;\">Con motivo del encuentro, se desarrollaron una serie de actividades que permitieron a los participantes palpar el ambiente comercial paraguayo y conocer de cerca su potencial. Adem\u00e1s, fueron parte de capacitaciones legales, tributarias, migratorias, entre otros eventos a cargo de especialistas en el \u00e1rea corporativa; participaron de distintos eventos de networking empresarial donde tuvieron la oportunidad de ampliar su red de contactos; visitaron empresas y proyectos de inversi\u00f3n. Adicionalmente, participaron en la rueda internacional de negocios, generando nuevas oportunidades comerciales.<\/p>\n<p style=\"text-align: justify;\">Los empresarios se reunieron con autoridades del Ministerio de Relaciones Exteriores, el Ministerio de Tecnolog\u00edas de la Informaci\u00f3n y Comunicaci\u00f3n, y el Viceministerio de Coordinaci\u00f3n Econ\u00f3mica y Social-Direcci\u00f3n General de Inversiones, quienes presentaron los proyectos m\u00e1s importantes del pa\u00eds del sector tecnol\u00f3gico y brindaron informaci\u00f3n sobre oportunidades de inversi\u00f3n privada y p\u00fablico-privadas para dicho sector.<\/p>\n<p style=\"text-align: justify;\">El presidente de la C\u00e1mara, Jos\u00e9 Luis Camacho, destac\u00f3 la importancia de estrechar lazos entre ambos pa\u00edses hermanos. \u00abEsta misi\u00f3n comercial ha superado nuestras expectativas; es un paso significativo hacia el fortalecimiento de nuestras relaciones comerciales, la promoci\u00f3n de la inversi\u00f3n y el crecimiento empresarial\u00bb, afirm\u00f3.<\/p>\n","protected":false},"excerpt":{"rendered":"<p>La C\u00e1mara Binacional Boliviano Paraguaya y el Ministerio de Industria y Comercio de Paraguay (MIC) firmaron un memor\u00e1ndum de entendimiento con el prop\u00f3sito de fortalecer las relaciones comerciales y el fomento de la industria y el comercio entre Bolivia y el pa\u00eds guaran\u00ed. Dicho acto se refrend\u00f3 en el marco de la 5ta Misi\u00f3n Comercial [&hellip;]<\/p>\n","protected":false},"author":4,"featured_media":55052,"comment_status":"open","ping_status":"closed","sticky":false,"template":"","format":"standard","meta":{"footnotes":""},"categories":[20],"tags":[],"class_list":{"0":"post-55051","1":"post","2":"type-post","3":"status-publish","4":"format-standard","5":"has-post-thumbnail","7":"category-actualidad"},"_links":{"self":[{"href":"https:\/\/jms.com.bo\/mediamonitor\/wp-json\/wp\/v2\/posts\/55051","targetHints":{"allow":["GET"]}}],"collection":[{"href":"https:\/\/jms.com.bo\/mediamonitor\/wp-json\/wp\/v2\/posts"}],"about":[{"href":"https:\/\/jms.com.bo\/mediamonitor\/wp-json\/wp\/v2\/types\/post"}],"author":[{"embeddable":true,"href":"https:\/\/jms.com.bo\/mediamonitor\/wp-json\/wp\/v2\/users\/4"}],"replies":[{"embeddable":true,"href":"https:\/\/jms.com.bo\/mediamonitor\/wp-json\/wp\/v2\/comments?post=55051"}],"version-history":[{"count":0,"href":"https:\/\/jms.com.bo\/mediamonitor\/wp-json\/wp\/v2\/posts\/55051\/revisions"}],"wp:featuredmedia":[{"embeddable":true,"href":"https:\/\/jms.com.bo\/mediamonitor\/wp-json\/wp\/v2\/media\/55052"}],"wp:attachment":[{"href":"https:\/\/jms.com.bo\/mediamonitor\/wp-json\/wp\/v2\/media?parent=55051"}],"wp:term":[{"taxonomy":"category","embeddable":true,"href":"https:\/\/jms.com.bo\/mediamonitor\/wp-json\/wp\/v2\/categories?post=55051"},{"taxonomy":"post_tag","embeddable":true,"href":"https:\/\/jms.com.bo\/mediamonitor\/wp-json\/wp\/v2\/tags?post=55051"}],"curies":[{"name":"wp","href":"https:\/\/api.w.org\/{rel}","templated":true}]}}